{"id":10896,"date":"2015-02-12T13:29:31","date_gmt":"2015-02-12T11:29:31","guid":{"rendered":"http:\/\/serrats.com\/recetas\/?p=10896"},"modified":"2015-06-29T16:23:07","modified_gmt":"2015-06-29T14:23:07","slug":"tosta-caliente-de-atun-manzana-y-queso","status":"publish","type":"post","link":"https:\/\/www.serrats.com\/recetas\/tosta-caliente-de-atun-manzana-y-queso\/","title":{"rendered":"Tosta caliente de at\u00fan, manzana y queso"},"content":{"rendered":"<p>&nbsp;<\/p>\n<p><img fetchpriority=\"high\" decoding=\"async\" class=\"aligncenter size-full wp-image-10901\" src=\"https:\/\/serrats.com\/recetas\/wp-content\/uploads\/tosta-manzana-atun.jpg\" alt=\"Tosta de manzana y at\u00fan\" width=\"600\" height=\"450\" \/><\/p>\n<p><strong>\u00a1Exquisita! \u00a1Gracias, Charo!<\/strong><\/p>\n<hr \/>\n<h2>Producto destacado<\/h2>\n<p><img decoding=\"async\" class=\"alignleft wp-image-12049 size-full\" src=\"https:\/\/serrats.com\/recetas\/wp-content\/uploads\/atun-claro-frasco250.png\" alt=\"At\u00fan claro en aceite de oliva\" width=\"290\" height=\"290\" srcset=\"https:\/\/www.serrats.com\/recetas\/wp-content\/uploads\/atun-claro-frasco250.png 290w, https:\/\/www.serrats.com\/recetas\/wp-content\/uploads\/atun-claro-frasco250-150x150.png 150w\" sizes=\"(max-width: 290px) 100vw, 290px\" \/><\/p>\n<h3>At\u00fan claro en aceite de oliva 250 g<\/h3>\n<p>Si te ha gustado la receta, puedes prepararla en casa con el at\u00fan claro que encontrar\u00e1s en nuestra tienda online.<\/p>\n<p>[button url=\u00bbhttps:\/\/www.serrats.com\/es\/lomos-atun-frasco-250g\u00bb color=\u00bbcolor\u00bb customcolor=\u00bb\u00bb iconcolor=\u00bbwhite\u00bb target=\u00bb_blank\u00bb custom_class=\u00bb\u00bb ]Comprar[\/button]<\/p>\n","protected":false},"excerpt":{"rendered":"<p>&nbsp; \u00a1Exquisita! \u00a1Gracias, Charo! Producto destacado At\u00fan claro en aceite de oliva 250 g Si te ha gustado la receta, puedes prepararla en casa con el at\u00fan claro que encontrar\u00e1s en nuestra tienda online. [button url=\u00bbhttps:\/\/www.serrats.com\/es\/lomos-atun-frasco-250g\u00bb color=\u00bbcolor\u00bb customcolor=\u00bb\u00bb iconcolor=\u00bbwhite\u00bb target=\u00bb_blank\u00bb custom_class=\u00bb\u00bb ]Comprar[\/button]<\/p>\n","protected":false},"author":15,"featured_media":10897,"comment_status":"open","ping_status":"open","sticky":false,"template":"","format":"standard","meta":{"_acf_changed":false,"footnotes":""},"categories":[898,7,4,873],"tags":[194,1120,596,303,3476,144,670,1121],"class_list":["post-10896","post","type-post","status-publish","format-standard","has-post-thumbnail","hentry","category-atun","category-atun-claro","category-recetas","category-aperitivos","tag-cebolleta","tag-curry","tag-manzana","tag-mostaza","tag-nuevas","tag-pan","tag-pimenton","tag-queso-gouda","ingredients-atun-claro-en-aceite-de-oliva-escurrido","ingredients-cebolleta","ingredients-curry-en-polvo","ingredients-mahonesa","ingredients-manzana","ingredients-mostaza-de-dijon","ingredients-pan-de-masia-alemana","ingredients-pimenton-dulce","ingredients-queso-tipo-gouda","ingredients-sal-y-pimienta"],"acf":[],"yoast_head":"<!-- This site is optimized with the Yoast SEO plugin v25.6 - https:\/\/yoast.com\/wordpress\/plugins\/seo\/ -->\n<title>Tosta caliente de at\u00fan, manzana y queso<\/title>\n<meta name=\"description\" content=\"Charo participa en nuestro concurso de recetas con una deliciosa Tosta caliente de at\u00fan, manzana y queso. \u00a1Desc\u00fabrela y an\u00edmate a participar como ella!\" \/>\n<meta name=\"robots\" content=\"index, follow, max-snippet:-1, max-image-preview:large, max-video-preview:-1\" \/>\n<link rel=\"canonical\" href=\"https:\/\/www.serrats.com\/recetas\/tosta-caliente-de-atun-manzana-y-queso\/\" \/>\n<meta property=\"og:locale\" content=\"es_ES\" \/>\n<meta property=\"og:type\" content=\"article\" \/>\n<meta property=\"og:title\" content=\"Tosta caliente de at\u00fan, manzana y queso\" \/>\n<meta property=\"og:description\" content=\"Charo participa en nuestro concurso de recetas con una deliciosa Tosta caliente de at\u00fan, manzana y queso. \u00a1Desc\u00fabrela y an\u00edmate a participar como ella!\" \/>\n<meta property=\"og:url\" content=\"https:\/\/www.serrats.com\/recetas\/tosta-caliente-de-atun-manzana-y-queso\/\" \/>\n<meta property=\"og:site_name\" content=\"La Cocina de Serrats\" \/>\n<meta property=\"article:published_time\" content=\"2015-02-12T11:29:31+00:00\" \/>\n<meta property=\"article:modified_time\" content=\"2015-06-29T14:23:07+00:00\" \/>\n<meta property=\"og:image\" content=\"https:\/\/www.serrats.com\/recetas\/wp-content\/uploads\/tosta-caliente-manzana-atun.jpg\" \/>\n\t<meta property=\"og:image:width\" content=\"600\" \/>\n\t<meta property=\"og:image:height\" content=\"450\" \/>\n\t<meta property=\"og:image:type\" content=\"image\/jpeg\" \/>\n<meta name=\"author\" content=\"Esperanza\" \/>\n<meta name=\"twitter:card\" content=\"summary_large_image\" \/>\n<meta name=\"twitter:label1\" content=\"Escrito por\" \/>\n\t<meta name=\"twitter:data1\" content=\"Esperanza\" \/>\n<script type=\"application\/ld+json\" class=\"yoast-schema-graph\">{\"@context\":\"https:\/\/schema.org\",\"@graph\":[{\"@type\":\"Article\",\"@id\":\"https:\/\/www.serrats.com\/recetas\/tosta-caliente-de-atun-manzana-y-queso\/#article\",\"isPartOf\":{\"@id\":\"https:\/\/www.serrats.com\/recetas\/tosta-caliente-de-atun-manzana-y-queso\/\"},\"author\":{\"name\":\"Esperanza\",\"@id\":\"https:\/\/www.serrats.com\/recetas\/#\/schema\/person\/0414b085e9fcf728d811b0b2df68a04d\"},\"headline\":\"Tosta caliente de at\u00fan, manzana y queso\",\"datePublished\":\"2015-02-12T11:29:31+00:00\",\"dateModified\":\"2015-06-29T14:23:07+00:00\",\"mainEntityOfPage\":{\"@id\":\"https:\/\/www.serrats.com\/recetas\/tosta-caliente-de-atun-manzana-y-queso\/\"},\"wordCount\":64,\"commentCount\":2,\"publisher\":{\"@id\":\"https:\/\/www.serrats.com\/recetas\/#organization\"},\"image\":{\"@id\":\"https:\/\/www.serrats.com\/recetas\/tosta-caliente-de-atun-manzana-y-queso\/#primaryimage\"},\"thumbnailUrl\":\"https:\/\/www.serrats.com\/recetas\/wp-content\/uploads\/tosta-caliente-manzana-atun.jpg\",\"keywords\":[\"cebolleta\",\"curry\",\"manzana\",\"mostaza\",\"nuevas\",\"pan\",\"piment\u00f3n\",\"queso gouda\"],\"articleSection\":[\"Aperitivos con At\u00fan\",\"Recetas con at\u00fan claro\",\"Recetas con sabor a mar\",\"Recetas de aperitivos\"],\"inLanguage\":\"es\",\"potentialAction\":[{\"@type\":\"CommentAction\",\"name\":\"Comment\",\"target\":[\"https:\/\/www.serrats.com\/recetas\/tosta-caliente-de-atun-manzana-y-queso\/#respond\"]}]},{\"@type\":\"WebPage\",\"@id\":\"https:\/\/www.serrats.com\/recetas\/tosta-caliente-de-atun-manzana-y-queso\/\",\"url\":\"https:\/\/www.serrats.com\/recetas\/tosta-caliente-de-atun-manzana-y-queso\/\",\"name\":\"Tosta caliente de at\u00fan, manzana y queso\",\"isPartOf\":{\"@id\":\"https:\/\/www.serrats.com\/recetas\/#website\"},\"primaryImageOfPage\":{\"@id\":\"https:\/\/www.serrats.com\/recetas\/tosta-caliente-de-atun-manzana-y-queso\/#primaryimage\"},\"image\":{\"@id\":\"https:\/\/www.serrats.com\/recetas\/tosta-caliente-de-atun-manzana-y-queso\/#primaryimage\"},\"thumbnailUrl\":\"https:\/\/www.serrats.com\/recetas\/wp-content\/uploads\/tosta-caliente-manzana-atun.jpg\",\"datePublished\":\"2015-02-12T11:29:31+00:00\",\"dateModified\":\"2015-06-29T14:23:07+00:00\",\"description\":\"Charo participa en nuestro concurso de recetas con una deliciosa Tosta caliente de at\u00fan, manzana y queso. \u00a1Desc\u00fabrela y an\u00edmate a participar como ella!\",\"breadcrumb\":{\"@id\":\"https:\/\/www.serrats.com\/recetas\/tosta-caliente-de-atun-manzana-y-queso\/#breadcrumb\"},\"inLanguage\":\"es\",\"potentialAction\":[{\"@type\":\"ReadAction\",\"target\":[\"https:\/\/www.serrats.com\/recetas\/tosta-caliente-de-atun-manzana-y-queso\/\"]}]},{\"@type\":\"ImageObject\",\"inLanguage\":\"es\",\"@id\":\"https:\/\/www.serrats.com\/recetas\/tosta-caliente-de-atun-manzana-y-queso\/#primaryimage\",\"url\":\"https:\/\/www.serrats.com\/recetas\/wp-content\/uploads\/tosta-caliente-manzana-atun.jpg\",\"contentUrl\":\"https:\/\/www.serrats.com\/recetas\/wp-content\/uploads\/tosta-caliente-manzana-atun.jpg\",\"width\":600,\"height\":450,\"caption\":\"Tosta caliente de at\u00fan, manzana y queso\"},{\"@type\":\"BreadcrumbList\",\"@id\":\"https:\/\/www.serrats.com\/recetas\/tosta-caliente-de-atun-manzana-y-queso\/#breadcrumb\",\"itemListElement\":[{\"@type\":\"ListItem\",\"position\":1,\"name\":\"Blog\",\"item\":\"https:\/\/www.serrats.com\/recetas\/\"},{\"@type\":\"ListItem\",\"position\":2,\"name\":\"Recetas de aperitivos\",\"item\":\"https:\/\/www.serrats.com\/recetas\/aperitivos\/\"},{\"@type\":\"ListItem\",\"position\":3,\"name\":\"Aperitivos con At\u00fan\",\"item\":\"https:\/\/www.serrats.com\/recetas\/aperitivos\/atun\/\"},{\"@type\":\"ListItem\",\"position\":4,\"name\":\"Tosta caliente de at\u00fan, manzana y queso\"}]},{\"@type\":\"WebSite\",\"@id\":\"https:\/\/www.serrats.com\/recetas\/#website\",\"url\":\"https:\/\/www.serrats.com\/recetas\/\",\"name\":\"La Cocina de Serrats\",\"description\":\"\",\"publisher\":{\"@id\":\"https:\/\/www.serrats.com\/recetas\/#organization\"},\"potentialAction\":[{\"@type\":\"SearchAction\",\"target\":{\"@type\":\"EntryPoint\",\"urlTemplate\":\"https:\/\/www.serrats.com\/recetas\/?s={search_term_string}\"},\"query-input\":{\"@type\":\"PropertyValueSpecification\",\"valueRequired\":true,\"valueName\":\"search_term_string\"}}],\"inLanguage\":\"es\"},{\"@type\":\"Organization\",\"@id\":\"https:\/\/www.serrats.com\/recetas\/#organization\",\"name\":\"La Cocina de Serrats\",\"url\":\"https:\/\/www.serrats.com\/recetas\/\",\"logo\":{\"@type\":\"ImageObject\",\"inLanguage\":\"es\",\"@id\":\"https:\/\/www.serrats.com\/recetas\/#\/schema\/logo\/image\/\",\"url\":\"https:\/\/www.serrats.com\/recetas\/wp-content\/uploads\/2023\/08\/serratslogo.svg\",\"contentUrl\":\"https:\/\/www.serrats.com\/recetas\/wp-content\/uploads\/2023\/08\/serratslogo.svg\",\"width\":162,\"height\":72,\"caption\":\"La Cocina de Serrats\"},\"image\":{\"@id\":\"https:\/\/www.serrats.com\/recetas\/#\/schema\/logo\/image\/\"}},{\"@type\":\"Person\",\"@id\":\"https:\/\/www.serrats.com\/recetas\/#\/schema\/person\/0414b085e9fcf728d811b0b2df68a04d\",\"name\":\"Esperanza\",\"image\":{\"@type\":\"ImageObject\",\"inLanguage\":\"es\",\"@id\":\"https:\/\/www.serrats.com\/recetas\/#\/schema\/person\/image\/\",\"url\":\"https:\/\/secure.gravatar.com\/avatar\/8f840ca8082dd7931147c838368d835905d7b2fd556595ffb054da471ddbc6ce?s=96&d=mm&r=g\",\"contentUrl\":\"https:\/\/secure.gravatar.com\/avatar\/8f840ca8082dd7931147c838368d835905d7b2fd556595ffb054da471ddbc6ce?s=96&d=mm&r=g\",\"caption\":\"Esperanza\"},\"url\":\"https:\/\/www.serrats.com\/recetas\/author\/alan\/\"}]}<\/script>\n<!-- \/ Yoast SEO plugin. -->","yoast_head_json":{"title":"Tosta caliente de at\u00fan, manzana y queso","description":"Charo participa en nuestro concurso de recetas con una deliciosa Tosta caliente de at\u00fan, manzana y queso. \u00a1Desc\u00fabrela y an\u00edmate a participar como ella!","robots":{"index":"index","follow":"follow","max-snippet":"max-snippet:-1","max-image-preview":"max-image-preview:large","max-video-preview":"max-video-preview:-1"},"canonical":"https:\/\/www.serrats.com\/recetas\/tosta-caliente-de-atun-manzana-y-queso\/","og_locale":"es_ES","og_type":"article","og_title":"Tosta caliente de at\u00fan, manzana y queso","og_description":"Charo participa en nuestro concurso de recetas con una deliciosa Tosta caliente de at\u00fan, manzana y queso. \u00a1Desc\u00fabrela y an\u00edmate a participar como ella!","og_url":"https:\/\/www.serrats.com\/recetas\/tosta-caliente-de-atun-manzana-y-queso\/","og_site_name":"La Cocina de Serrats","article_published_time":"2015-02-12T11:29:31+00:00","article_modified_time":"2015-06-29T14:23:07+00:00","og_image":[{"width":600,"height":450,"url":"https:\/\/www.serrats.com\/recetas\/wp-content\/uploads\/tosta-caliente-manzana-atun.jpg","type":"image\/jpeg"}],"author":"Esperanza","twitter_card":"summary_large_image","twitter_misc":{"Escrito por":"Esperanza"},"schema":{"@context":"https:\/\/schema.org","@graph":[{"@type":"Article","@id":"https:\/\/www.serrats.com\/recetas\/tosta-caliente-de-atun-manzana-y-queso\/#article","isPartOf":{"@id":"https:\/\/www.serrats.com\/recetas\/tosta-caliente-de-atun-manzana-y-queso\/"},"author":{"name":"Esperanza","@id":"https:\/\/www.serrats.com\/recetas\/#\/schema\/person\/0414b085e9fcf728d811b0b2df68a04d"},"headline":"Tosta caliente de at\u00fan, manzana y queso","datePublished":"2015-02-12T11:29:31+00:00","dateModified":"2015-06-29T14:23:07+00:00","mainEntityOfPage":{"@id":"https:\/\/www.serrats.com\/recetas\/tosta-caliente-de-atun-manzana-y-queso\/"},"wordCount":64,"commentCount":2,"publisher":{"@id":"https:\/\/www.serrats.com\/recetas\/#organization"},"image":{"@id":"https:\/\/www.serrats.com\/recetas\/tosta-caliente-de-atun-manzana-y-queso\/#primaryimage"},"thumbnailUrl":"https:\/\/www.serrats.com\/recetas\/wp-content\/uploads\/tosta-caliente-manzana-atun.jpg","keywords":["cebolleta","curry","manzana","mostaza","nuevas","pan","piment\u00f3n","queso gouda"],"articleSection":["Aperitivos con At\u00fan","Recetas con at\u00fan claro","Recetas con sabor a mar","Recetas de aperitivos"],"inLanguage":"es","potentialAction":[{"@type":"CommentAction","name":"Comment","target":["https:\/\/www.serrats.com\/recetas\/tosta-caliente-de-atun-manzana-y-queso\/#respond"]}]},{"@type":"WebPage","@id":"https:\/\/www.serrats.com\/recetas\/tosta-caliente-de-atun-manzana-y-queso\/","url":"https:\/\/www.serrats.com\/recetas\/tosta-caliente-de-atun-manzana-y-queso\/","name":"Tosta caliente de at\u00fan, manzana y queso","isPartOf":{"@id":"https:\/\/www.serrats.com\/recetas\/#website"},"primaryImageOfPage":{"@id":"https:\/\/www.serrats.com\/recetas\/tosta-caliente-de-atun-manzana-y-queso\/#primaryimage"},"image":{"@id":"https:\/\/www.serrats.com\/recetas\/tosta-caliente-de-atun-manzana-y-queso\/#primaryimage"},"thumbnailUrl":"https:\/\/www.serrats.com\/recetas\/wp-content\/uploads\/tosta-caliente-manzana-atun.jpg","datePublished":"2015-02-12T11:29:31+00:00","dateModified":"2015-06-29T14:23:07+00:00","description":"Charo participa en nuestro concurso de recetas con una deliciosa Tosta caliente de at\u00fan, manzana y queso. \u00a1Desc\u00fabrela y an\u00edmate a participar como ella!","breadcrumb":{"@id":"https:\/\/www.serrats.com\/recetas\/tosta-caliente-de-atun-manzana-y-queso\/#breadcrumb"},"inLanguage":"es","potentialAction":[{"@type":"ReadAction","target":["https:\/\/www.serrats.com\/recetas\/tosta-caliente-de-atun-manzana-y-queso\/"]}]},{"@type":"ImageObject","inLanguage":"es","@id":"https:\/\/www.serrats.com\/recetas\/tosta-caliente-de-atun-manzana-y-queso\/#primaryimage","url":"https:\/\/www.serrats.com\/recetas\/wp-content\/uploads\/tosta-caliente-manzana-atun.jpg","contentUrl":"https:\/\/www.serrats.com\/recetas\/wp-content\/uploads\/tosta-caliente-manzana-atun.jpg","width":600,"height":450,"caption":"Tosta caliente de at\u00fan, manzana y queso"},{"@type":"BreadcrumbList","@id":"https:\/\/www.serrats.com\/recetas\/tosta-caliente-de-atun-manzana-y-queso\/#breadcrumb","itemListElement":[{"@type":"ListItem","position":1,"name":"Blog","item":"https:\/\/www.serrats.com\/recetas\/"},{"@type":"ListItem","position":2,"name":"Recetas de aperitivos","item":"https:\/\/www.serrats.com\/recetas\/aperitivos\/"},{"@type":"ListItem","position":3,"name":"Aperitivos con At\u00fan","item":"https:\/\/www.serrats.com\/recetas\/aperitivos\/atun\/"},{"@type":"ListItem","position":4,"name":"Tosta caliente de at\u00fan, manzana y queso"}]},{"@type":"WebSite","@id":"https:\/\/www.serrats.com\/recetas\/#website","url":"https:\/\/www.serrats.com\/recetas\/","name":"La Cocina de Serrats","description":"","publisher":{"@id":"https:\/\/www.serrats.com\/recetas\/#organization"},"potentialAction":[{"@type":"SearchAction","target":{"@type":"EntryPoint","urlTemplate":"https:\/\/www.serrats.com\/recetas\/?s={search_term_string}"},"query-input":{"@type":"PropertyValueSpecification","valueRequired":true,"valueName":"search_term_string"}}],"inLanguage":"es"},{"@type":"Organization","@id":"https:\/\/www.serrats.com\/recetas\/#organization","name":"La Cocina de Serrats","url":"https:\/\/www.serrats.com\/recetas\/","logo":{"@type":"ImageObject","inLanguage":"es","@id":"https:\/\/www.serrats.com\/recetas\/#\/schema\/logo\/image\/","url":"https:\/\/www.serrats.com\/recetas\/wp-content\/uploads\/2023\/08\/serratslogo.svg","contentUrl":"https:\/\/www.serrats.com\/recetas\/wp-content\/uploads\/2023\/08\/serratslogo.svg","width":162,"height":72,"caption":"La Cocina de Serrats"},"image":{"@id":"https:\/\/www.serrats.com\/recetas\/#\/schema\/logo\/image\/"}},{"@type":"Person","@id":"https:\/\/www.serrats.com\/recetas\/#\/schema\/person\/0414b085e9fcf728d811b0b2df68a04d","name":"Esperanza","image":{"@type":"ImageObject","inLanguage":"es","@id":"https:\/\/www.serrats.com\/recetas\/#\/schema\/person\/image\/","url":"https:\/\/secure.gravatar.com\/avatar\/8f840ca8082dd7931147c838368d835905d7b2fd556595ffb054da471ddbc6ce?s=96&d=mm&r=g","contentUrl":"https:\/\/secure.gravatar.com\/avatar\/8f840ca8082dd7931147c838368d835905d7b2fd556595ffb054da471ddbc6ce?s=96&d=mm&r=g","caption":"Esperanza"},"url":"https:\/\/www.serrats.com\/recetas\/author\/alan\/"}]}},"_links":{"self":[{"href":"https:\/\/www.serrats.com\/recetas\/wp-json\/wp\/v2\/posts\/10896","targetHints":{"allow":["GET"]}}],"collection":[{"href":"https:\/\/www.serrats.com\/recetas\/wp-json\/wp\/v2\/posts"}],"about":[{"href":"https:\/\/www.serrats.com\/recetas\/wp-json\/wp\/v2\/types\/post"}],"author":[{"embeddable":true,"href":"https:\/\/www.serrats.com\/recetas\/wp-json\/wp\/v2\/users\/15"}],"replies":[{"embeddable":true,"href":"https:\/\/www.serrats.com\/recetas\/wp-json\/wp\/v2\/comments?post=10896"}],"version-history":[{"count":11,"href":"https:\/\/www.serrats.com\/recetas\/wp-json\/wp\/v2\/posts\/10896\/revisions"}],"predecessor-version":[{"id":12127,"href":"https:\/\/www.serrats.com\/recetas\/wp-json\/wp\/v2\/posts\/10896\/revisions\/12127"}],"wp:featuredmedia":[{"embeddable":true,"href":"https:\/\/www.serrats.com\/recetas\/wp-json\/wp\/v2\/media\/10897"}],"wp:attachment":[{"href":"https:\/\/www.serrats.com\/recetas\/wp-json\/wp\/v2\/media?parent=10896"}],"wp:term":[{"taxonomy":"category","embeddable":true,"href":"https:\/\/www.serrats.com\/recetas\/wp-json\/wp\/v2\/categories?post=10896"},{"taxonomy":"post_tag","embeddable":true,"href":"https:\/\/www.serrats.com\/recetas\/wp-json\/wp\/v2\/tags?post=10896"}],"curies":[{"name":"wp","href":"https:\/\/api.w.org\/{rel}","templated":true}]}}