{"id":13481,"date":"2016-05-19T13:15:27","date_gmt":"2016-05-19T11:15:27","guid":{"rendered":"http:\/\/serrats.com\/recetas\/?p=13481"},"modified":"2022-09-12T13:17:20","modified_gmt":"2022-09-12T11:17:20","slug":"ensalada-de-ventresca-serrats-con-pasas","status":"publish","type":"post","link":"https:\/\/www.serrats.com\/recetas\/ensalada-de-ventresca-serrats-con-pasas\/","title":{"rendered":"Ensalada de ventresca Serrats con pasas"},"content":{"rendered":"<p><strong>\u00c9xito asegurado, \u00a1gracias Iosu!<\/strong><\/p>\n<hr \/>\n<h2>Producto destacado<\/h2>\n<p><img fetchpriority=\"high\" decoding=\"async\" class=\"alignleft wp-image-21645 size-medium\" src=\"https:\/\/serrats.com\/recetas\/wp-content\/uploads\/2016\/05\/ventresca_bonito_oliva_120g-460x460.jpg\" alt=\"\" width=\"460\" height=\"460\" srcset=\"https:\/\/www.serrats.com\/recetas\/wp-content\/uploads\/2016\/05\/ventresca_bonito_oliva_120g-460x460.jpg 460w, https:\/\/www.serrats.com\/recetas\/wp-content\/uploads\/2016\/05\/ventresca_bonito_oliva_120g-150x150.jpg 150w, https:\/\/www.serrats.com\/recetas\/wp-content\/uploads\/2016\/05\/ventresca_bonito_oliva_120g-420x420.jpg 420w, https:\/\/www.serrats.com\/recetas\/wp-content\/uploads\/2016\/05\/ventresca_bonito_oliva_120g.jpg 700w\" sizes=\"(max-width: 460px) 100vw, 460px\" \/><\/p>\n<h3>Ventresca de Bonito del Norte. Lata de 120 g<\/h3>\n<p>Si te ha gustado la receta, puedes prepararla en casa con la ventresca de Bonito del Norte\u00a0que encontrar\u00e1s en nuestra tienda online.<\/p>\n<p>[button url=\u00bbhttps:\/\/www.serrats.com\/es\/ventresca-de-bonito-del-norte-en-aceite-oliva-lata-120g\u00bb color=\u00bbcolor\u00bb customcolor=\u00bb\u00bb iconcolor=\u00bbwhite\u00bb target=\u00bb_blank\u00bb custom_class=\u00bb\u00bb ]Comprar[\/button]<\/p>\n","protected":false},"excerpt":{"rendered":"<p>\u00c9xito asegurado, \u00a1gracias Iosu! Producto destacado Ventresca de Bonito del Norte. Lata de 120 g Si te ha gustado la receta, puedes prepararla en casa con la ventresca de Bonito del Norte\u00a0que encontrar\u00e1s en nuestra tienda online. [button url=\u00bbhttps:\/\/www.serrats.com\/es\/ventresca-de-bonito-del-norte-en-aceite-oliva-lata-120g\u00bb color=\u00bbcolor\u00bb customcolor=\u00bb\u00bb iconcolor=\u00bbwhite\u00bb target=\u00bb_blank\u00bb custom_class=\u00bb\u00bb ]Comprar[\/button]<\/p>\n","protected":false},"author":15,"featured_media":21643,"comment_status":"open","ping_status":"open","sticky":false,"template":"","format":"standard","meta":{"_acf_changed":false,"footnotes":""},"categories":[4,9],"tags":[925,54,101,26,131,3476,386,140,2190],"class_list":["post-13481","post","type-post","status-publish","format-standard","has-post-thumbnail","hentry","category-recetas","category-ventresca-de-bonito","tag-aceite","tag-arroz","tag-esparragos","tag-huevo","tag-lechuga","tag-nuevas","tag-pasas","tag-sal","tag-tomates-cherry","ingredients-aceite","ingredients-arroz","ingredients-crema-de-modena","ingredients-esparragos","ingredients-huevo","ingredients-lechuga","ingredients-lechugas-variadas","ingredients-pasas","ingredients-sal","ingredients-tomates-cherry","ingredients-ventresca-de-bonito-del-norte-serrats"],"acf":[],"yoast_head":"<!-- This site is optimized with the Yoast SEO plugin v25.6 - https:\/\/yoast.com\/wordpress\/plugins\/seo\/ -->\n<title>Ensalada de ventresca Serrats y pasas<\/title>\n<meta name=\"description\" content=\"Ensalada f\u00e1cil de hacer, apetitosa y nutritiva. Una receta con nuestra ventresca de bonito que te dar\u00e1 energ\u00eda y fuerza para todo el d\u00eda.\" \/>\n<meta name=\"robots\" content=\"index, follow, max-snippet:-1, max-image-preview:large, max-video-preview:-1\" \/>\n<link rel=\"canonical\" href=\"https:\/\/www.serrats.com\/recetas\/ensalada-de-ventresca-serrats-con-pasas\/\" \/>\n<meta property=\"og:locale\" content=\"es_ES\" \/>\n<meta property=\"og:type\" content=\"article\" \/>\n<meta property=\"og:title\" content=\"Ensalada de ventresca Serrats y pasas\" \/>\n<meta property=\"og:description\" content=\"Ensalada f\u00e1cil de hacer, apetitosa y nutritiva. Una receta con nuestra ventresca de bonito que te dar\u00e1 energ\u00eda y fuerza para todo el d\u00eda.\" \/>\n<meta property=\"og:url\" content=\"https:\/\/www.serrats.com\/recetas\/ensalada-de-ventresca-serrats-con-pasas\/\" \/>\n<meta property=\"og:site_name\" content=\"La Cocina de Serrats\" \/>\n<meta property=\"article:published_time\" content=\"2016-05-19T11:15:27+00:00\" \/>\n<meta property=\"article:modified_time\" content=\"2022-09-12T11:17:20+00:00\" \/>\n<meta property=\"og:image\" content=\"https:\/\/www.serrats.com\/recetas\/wp-content\/uploads\/2016\/05\/ensalada-de-ventresca-serrats-con-pasas.jpg\" \/>\n\t<meta property=\"og:image:width\" content=\"1920\" \/>\n\t<meta property=\"og:image:height\" content=\"1080\" \/>\n\t<meta property=\"og:image:type\" content=\"image\/jpeg\" \/>\n<meta name=\"author\" content=\"Esperanza\" \/>\n<meta name=\"twitter:card\" content=\"summary_large_image\" \/>\n<meta name=\"twitter:label1\" content=\"Escrito por\" \/>\n\t<meta name=\"twitter:data1\" content=\"Esperanza\" \/>\n<script type=\"application\/ld+json\" class=\"yoast-schema-graph\">{\"@context\":\"https:\/\/schema.org\",\"@graph\":[{\"@type\":\"Article\",\"@id\":\"https:\/\/www.serrats.com\/recetas\/ensalada-de-ventresca-serrats-con-pasas\/#article\",\"isPartOf\":{\"@id\":\"https:\/\/www.serrats.com\/recetas\/ensalada-de-ventresca-serrats-con-pasas\/\"},\"author\":{\"name\":\"Esperanza\",\"@id\":\"https:\/\/www.serrats.com\/recetas\/#\/schema\/person\/0414b085e9fcf728d811b0b2df68a04d\"},\"headline\":\"Ensalada de ventresca Serrats con pasas\",\"datePublished\":\"2016-05-19T11:15:27+00:00\",\"dateModified\":\"2022-09-12T11:17:20+00:00\",\"mainEntityOfPage\":{\"@id\":\"https:\/\/www.serrats.com\/recetas\/ensalada-de-ventresca-serrats-con-pasas\/\"},\"wordCount\":64,\"commentCount\":0,\"publisher\":{\"@id\":\"https:\/\/www.serrats.com\/recetas\/#organization\"},\"image\":{\"@id\":\"https:\/\/www.serrats.com\/recetas\/ensalada-de-ventresca-serrats-con-pasas\/#primaryimage\"},\"thumbnailUrl\":\"https:\/\/www.serrats.com\/recetas\/wp-content\/uploads\/2016\/05\/ensalada-de-ventresca-serrats-con-pasas.jpg\",\"keywords\":[\"aceite\",\"arroz\",\"esp\u00e1rragos\",\"huevo\",\"lechuga\",\"nuevas\",\"pasas\",\"sal\",\"tomates cherry\"],\"articleSection\":[\"Recetas con sabor a mar\",\"Recetas con ventresca de bonito\"],\"inLanguage\":\"es\",\"potentialAction\":[{\"@type\":\"CommentAction\",\"name\":\"Comment\",\"target\":[\"https:\/\/www.serrats.com\/recetas\/ensalada-de-ventresca-serrats-con-pasas\/#respond\"]}]},{\"@type\":\"WebPage\",\"@id\":\"https:\/\/www.serrats.com\/recetas\/ensalada-de-ventresca-serrats-con-pasas\/\",\"url\":\"https:\/\/www.serrats.com\/recetas\/ensalada-de-ventresca-serrats-con-pasas\/\",\"name\":\"Ensalada de ventresca Serrats y pasas\",\"isPartOf\":{\"@id\":\"https:\/\/www.serrats.com\/recetas\/#website\"},\"primaryImageOfPage\":{\"@id\":\"https:\/\/www.serrats.com\/recetas\/ensalada-de-ventresca-serrats-con-pasas\/#primaryimage\"},\"image\":{\"@id\":\"https:\/\/www.serrats.com\/recetas\/ensalada-de-ventresca-serrats-con-pasas\/#primaryimage\"},\"thumbnailUrl\":\"https:\/\/www.serrats.com\/recetas\/wp-content\/uploads\/2016\/05\/ensalada-de-ventresca-serrats-con-pasas.jpg\",\"datePublished\":\"2016-05-19T11:15:27+00:00\",\"dateModified\":\"2022-09-12T11:17:20+00:00\",\"description\":\"Ensalada f\u00e1cil de hacer, apetitosa y nutritiva. Una receta con nuestra ventresca de bonito que te dar\u00e1 energ\u00eda y fuerza para todo el d\u00eda.\",\"breadcrumb\":{\"@id\":\"https:\/\/www.serrats.com\/recetas\/ensalada-de-ventresca-serrats-con-pasas\/#breadcrumb\"},\"inLanguage\":\"es\",\"potentialAction\":[{\"@type\":\"ReadAction\",\"target\":[\"https:\/\/www.serrats.com\/recetas\/ensalada-de-ventresca-serrats-con-pasas\/\"]}]},{\"@type\":\"ImageObject\",\"inLanguage\":\"es\",\"@id\":\"https:\/\/www.serrats.com\/recetas\/ensalada-de-ventresca-serrats-con-pasas\/#primaryimage\",\"url\":\"https:\/\/www.serrats.com\/recetas\/wp-content\/uploads\/2016\/05\/ensalada-de-ventresca-serrats-con-pasas.jpg\",\"contentUrl\":\"https:\/\/www.serrats.com\/recetas\/wp-content\/uploads\/2016\/05\/ensalada-de-ventresca-serrats-con-pasas.jpg\",\"width\":1920,\"height\":1080},{\"@type\":\"BreadcrumbList\",\"@id\":\"https:\/\/www.serrats.com\/recetas\/ensalada-de-ventresca-serrats-con-pasas\/#breadcrumb\",\"itemListElement\":[{\"@type\":\"ListItem\",\"position\":1,\"name\":\"Blog\",\"item\":\"https:\/\/www.serrats.com\/recetas\/\"},{\"@type\":\"ListItem\",\"position\":2,\"name\":\"Recetas con sabor a mar\",\"item\":\"https:\/\/www.serrats.com\/recetas\/recetas\/\"},{\"@type\":\"ListItem\",\"position\":3,\"name\":\"Recetas con ventresca de bonito\",\"item\":\"https:\/\/www.serrats.com\/recetas\/recetas\/ventresca-de-bonito\/\"},{\"@type\":\"ListItem\",\"position\":4,\"name\":\"Ensalada de ventresca Serrats con pasas\"}]},{\"@type\":\"WebSite\",\"@id\":\"https:\/\/www.serrats.com\/recetas\/#website\",\"url\":\"https:\/\/www.serrats.com\/recetas\/\",\"name\":\"La Cocina de Serrats\",\"description\":\"\",\"publisher\":{\"@id\":\"https:\/\/www.serrats.com\/recetas\/#organization\"},\"potentialAction\":[{\"@type\":\"SearchAction\",\"target\":{\"@type\":\"EntryPoint\",\"urlTemplate\":\"https:\/\/www.serrats.com\/recetas\/?s={search_term_string}\"},\"query-input\":{\"@type\":\"PropertyValueSpecification\",\"valueRequired\":true,\"valueName\":\"search_term_string\"}}],\"inLanguage\":\"es\"},{\"@type\":\"Organization\",\"@id\":\"https:\/\/www.serrats.com\/recetas\/#organization\",\"name\":\"La Cocina de Serrats\",\"url\":\"https:\/\/www.serrats.com\/recetas\/\",\"logo\":{\"@type\":\"ImageObject\",\"inLanguage\":\"es\",\"@id\":\"https:\/\/www.serrats.com\/recetas\/#\/schema\/logo\/image\/\",\"url\":\"https:\/\/www.serrats.com\/recetas\/wp-content\/uploads\/2023\/08\/serratslogo.svg\",\"contentUrl\":\"https:\/\/www.serrats.com\/recetas\/wp-content\/uploads\/2023\/08\/serratslogo.svg\",\"width\":162,\"height\":72,\"caption\":\"La Cocina de Serrats\"},\"image\":{\"@id\":\"https:\/\/www.serrats.com\/recetas\/#\/schema\/logo\/image\/\"}},{\"@type\":\"Person\",\"@id\":\"https:\/\/www.serrats.com\/recetas\/#\/schema\/person\/0414b085e9fcf728d811b0b2df68a04d\",\"name\":\"Esperanza\",\"image\":{\"@type\":\"ImageObject\",\"inLanguage\":\"es\",\"@id\":\"https:\/\/www.serrats.com\/recetas\/#\/schema\/person\/image\/\",\"url\":\"https:\/\/secure.gravatar.com\/avatar\/8f840ca8082dd7931147c838368d835905d7b2fd556595ffb054da471ddbc6ce?s=96&d=mm&r=g\",\"contentUrl\":\"https:\/\/secure.gravatar.com\/avatar\/8f840ca8082dd7931147c838368d835905d7b2fd556595ffb054da471ddbc6ce?s=96&d=mm&r=g\",\"caption\":\"Esperanza\"},\"url\":\"https:\/\/www.serrats.com\/recetas\/author\/alan\/\"}]}<\/script>\n<!-- \/ Yoast SEO plugin. -->","yoast_head_json":{"title":"Ensalada de ventresca Serrats y pasas","description":"Ensalada f\u00e1cil de hacer, apetitosa y nutritiva. Una receta con nuestra ventresca de bonito que te dar\u00e1 energ\u00eda y fuerza para todo el d\u00eda.","robots":{"index":"index","follow":"follow","max-snippet":"max-snippet:-1","max-image-preview":"max-image-preview:large","max-video-preview":"max-video-preview:-1"},"canonical":"https:\/\/www.serrats.com\/recetas\/ensalada-de-ventresca-serrats-con-pasas\/","og_locale":"es_ES","og_type":"article","og_title":"Ensalada de ventresca Serrats y pasas","og_description":"Ensalada f\u00e1cil de hacer, apetitosa y nutritiva. Una receta con nuestra ventresca de bonito que te dar\u00e1 energ\u00eda y fuerza para todo el d\u00eda.","og_url":"https:\/\/www.serrats.com\/recetas\/ensalada-de-ventresca-serrats-con-pasas\/","og_site_name":"La Cocina de Serrats","article_published_time":"2016-05-19T11:15:27+00:00","article_modified_time":"2022-09-12T11:17:20+00:00","og_image":[{"width":1920,"height":1080,"url":"https:\/\/www.serrats.com\/recetas\/wp-content\/uploads\/2016\/05\/ensalada-de-ventresca-serrats-con-pasas.jpg","type":"image\/jpeg"}],"author":"Esperanza","twitter_card":"summary_large_image","twitter_misc":{"Escrito por":"Esperanza"},"schema":{"@context":"https:\/\/schema.org","@graph":[{"@type":"Article","@id":"https:\/\/www.serrats.com\/recetas\/ensalada-de-ventresca-serrats-con-pasas\/#article","isPartOf":{"@id":"https:\/\/www.serrats.com\/recetas\/ensalada-de-ventresca-serrats-con-pasas\/"},"author":{"name":"Esperanza","@id":"https:\/\/www.serrats.com\/recetas\/#\/schema\/person\/0414b085e9fcf728d811b0b2df68a04d"},"headline":"Ensalada de ventresca Serrats con pasas","datePublished":"2016-05-19T11:15:27+00:00","dateModified":"2022-09-12T11:17:20+00:00","mainEntityOfPage":{"@id":"https:\/\/www.serrats.com\/recetas\/ensalada-de-ventresca-serrats-con-pasas\/"},"wordCount":64,"commentCount":0,"publisher":{"@id":"https:\/\/www.serrats.com\/recetas\/#organization"},"image":{"@id":"https:\/\/www.serrats.com\/recetas\/ensalada-de-ventresca-serrats-con-pasas\/#primaryimage"},"thumbnailUrl":"https:\/\/www.serrats.com\/recetas\/wp-content\/uploads\/2016\/05\/ensalada-de-ventresca-serrats-con-pasas.jpg","keywords":["aceite","arroz","esp\u00e1rragos","huevo","lechuga","nuevas","pasas","sal","tomates cherry"],"articleSection":["Recetas con sabor a mar","Recetas con ventresca de bonito"],"inLanguage":"es","potentialAction":[{"@type":"CommentAction","name":"Comment","target":["https:\/\/www.serrats.com\/recetas\/ensalada-de-ventresca-serrats-con-pasas\/#respond"]}]},{"@type":"WebPage","@id":"https:\/\/www.serrats.com\/recetas\/ensalada-de-ventresca-serrats-con-pasas\/","url":"https:\/\/www.serrats.com\/recetas\/ensalada-de-ventresca-serrats-con-pasas\/","name":"Ensalada de ventresca Serrats y pasas","isPartOf":{"@id":"https:\/\/www.serrats.com\/recetas\/#website"},"primaryImageOfPage":{"@id":"https:\/\/www.serrats.com\/recetas\/ensalada-de-ventresca-serrats-con-pasas\/#primaryimage"},"image":{"@id":"https:\/\/www.serrats.com\/recetas\/ensalada-de-ventresca-serrats-con-pasas\/#primaryimage"},"thumbnailUrl":"https:\/\/www.serrats.com\/recetas\/wp-content\/uploads\/2016\/05\/ensalada-de-ventresca-serrats-con-pasas.jpg","datePublished":"2016-05-19T11:15:27+00:00","dateModified":"2022-09-12T11:17:20+00:00","description":"Ensalada f\u00e1cil de hacer, apetitosa y nutritiva. Una receta con nuestra ventresca de bonito que te dar\u00e1 energ\u00eda y fuerza para todo el d\u00eda.","breadcrumb":{"@id":"https:\/\/www.serrats.com\/recetas\/ensalada-de-ventresca-serrats-con-pasas\/#breadcrumb"},"inLanguage":"es","potentialAction":[{"@type":"ReadAction","target":["https:\/\/www.serrats.com\/recetas\/ensalada-de-ventresca-serrats-con-pasas\/"]}]},{"@type":"ImageObject","inLanguage":"es","@id":"https:\/\/www.serrats.com\/recetas\/ensalada-de-ventresca-serrats-con-pasas\/#primaryimage","url":"https:\/\/www.serrats.com\/recetas\/wp-content\/uploads\/2016\/05\/ensalada-de-ventresca-serrats-con-pasas.jpg","contentUrl":"https:\/\/www.serrats.com\/recetas\/wp-content\/uploads\/2016\/05\/ensalada-de-ventresca-serrats-con-pasas.jpg","width":1920,"height":1080},{"@type":"BreadcrumbList","@id":"https:\/\/www.serrats.com\/recetas\/ensalada-de-ventresca-serrats-con-pasas\/#breadcrumb","itemListElement":[{"@type":"ListItem","position":1,"name":"Blog","item":"https:\/\/www.serrats.com\/recetas\/"},{"@type":"ListItem","position":2,"name":"Recetas con sabor a mar","item":"https:\/\/www.serrats.com\/recetas\/recetas\/"},{"@type":"ListItem","position":3,"name":"Recetas con ventresca de bonito","item":"https:\/\/www.serrats.com\/recetas\/recetas\/ventresca-de-bonito\/"},{"@type":"ListItem","position":4,"name":"Ensalada de ventresca Serrats con pasas"}]},{"@type":"WebSite","@id":"https:\/\/www.serrats.com\/recetas\/#website","url":"https:\/\/www.serrats.com\/recetas\/","name":"La Cocina de Serrats","description":"","publisher":{"@id":"https:\/\/www.serrats.com\/recetas\/#organization"},"potentialAction":[{"@type":"SearchAction","target":{"@type":"EntryPoint","urlTemplate":"https:\/\/www.serrats.com\/recetas\/?s={search_term_string}"},"query-input":{"@type":"PropertyValueSpecification","valueRequired":true,"valueName":"search_term_string"}}],"inLanguage":"es"},{"@type":"Organization","@id":"https:\/\/www.serrats.com\/recetas\/#organization","name":"La Cocina de Serrats","url":"https:\/\/www.serrats.com\/recetas\/","logo":{"@type":"ImageObject","inLanguage":"es","@id":"https:\/\/www.serrats.com\/recetas\/#\/schema\/logo\/image\/","url":"https:\/\/www.serrats.com\/recetas\/wp-content\/uploads\/2023\/08\/serratslogo.svg","contentUrl":"https:\/\/www.serrats.com\/recetas\/wp-content\/uploads\/2023\/08\/serratslogo.svg","width":162,"height":72,"caption":"La Cocina de Serrats"},"image":{"@id":"https:\/\/www.serrats.com\/recetas\/#\/schema\/logo\/image\/"}},{"@type":"Person","@id":"https:\/\/www.serrats.com\/recetas\/#\/schema\/person\/0414b085e9fcf728d811b0b2df68a04d","name":"Esperanza","image":{"@type":"ImageObject","inLanguage":"es","@id":"https:\/\/www.serrats.com\/recetas\/#\/schema\/person\/image\/","url":"https:\/\/secure.gravatar.com\/avatar\/8f840ca8082dd7931147c838368d835905d7b2fd556595ffb054da471ddbc6ce?s=96&d=mm&r=g","contentUrl":"https:\/\/secure.gravatar.com\/avatar\/8f840ca8082dd7931147c838368d835905d7b2fd556595ffb054da471ddbc6ce?s=96&d=mm&r=g","caption":"Esperanza"},"url":"https:\/\/www.serrats.com\/recetas\/author\/alan\/"}]}},"_links":{"self":[{"href":"https:\/\/www.serrats.com\/recetas\/wp-json\/wp\/v2\/posts\/13481","targetHints":{"allow":["GET"]}}],"collection":[{"href":"https:\/\/www.serrats.com\/recetas\/wp-json\/wp\/v2\/posts"}],"about":[{"href":"https:\/\/www.serrats.com\/recetas\/wp-json\/wp\/v2\/types\/post"}],"author":[{"embeddable":true,"href":"https:\/\/www.serrats.com\/recetas\/wp-json\/wp\/v2\/users\/15"}],"replies":[{"embeddable":true,"href":"https:\/\/www.serrats.com\/recetas\/wp-json\/wp\/v2\/comments?post=13481"}],"version-history":[{"count":3,"href":"https:\/\/www.serrats.com\/recetas\/wp-json\/wp\/v2\/posts\/13481\/revisions"}],"predecessor-version":[{"id":21646,"href":"https:\/\/www.serrats.com\/recetas\/wp-json\/wp\/v2\/posts\/13481\/revisions\/21646"}],"wp:featuredmedia":[{"embeddable":true,"href":"https:\/\/www.serrats.com\/recetas\/wp-json\/wp\/v2\/media\/21643"}],"wp:attachment":[{"href":"https:\/\/www.serrats.com\/recetas\/wp-json\/wp\/v2\/media?parent=13481"}],"wp:term":[{"taxonomy":"category","embeddable":true,"href":"https:\/\/www.serrats.com\/recetas\/wp-json\/wp\/v2\/categories?post=13481"},{"taxonomy":"post_tag","embeddable":true,"href":"https:\/\/www.serrats.com\/recetas\/wp-json\/wp\/v2\/tags?post=13481"}],"curies":[{"name":"wp","href":"https:\/\/api.w.org\/{rel}","templated":true}]}}