{"id":13613,"date":"2016-06-28T13:30:46","date_gmt":"2016-06-28T11:30:46","guid":{"rendered":"http:\/\/serrats.com\/recetas\/?p=13613"},"modified":"2016-06-28T15:48:42","modified_gmt":"2016-06-28T13:48:42","slug":"arranca-la-costera-del-bonito-del-norte-en-bermeo","status":"publish","type":"post","link":"https:\/\/www.serrats.com\/recetas\/arranca-la-costera-del-bonito-del-norte-en-bermeo\/","title":{"rendered":"Arranca la costera del Bonito del Norte en Bermeo"},"content":{"rendered":"<h2 style=\"text-align: center;\">Por fin llega el preciado \u201ctesoro\u201d a nuestras costas y arranca la costera del Bonito del Norte.<\/h2>\n<p>Durante la jornada del viernes, desembarcaron en el puerto de Bermeo 2.000 kilos de nuestro tan apreciado <a href=\"https:\/\/www.serrats.com\/es\/bonito-del-norte\"><strong>Bonito del Norte<\/strong><\/a>. Los pesqueros locales, \u201cBeti Zeruko Izarra\u201d y \u201cJon Kurtzio\u201d, adem\u00e1s del \u201cBihotz Alai\u201d de Armintza, fueron los afortunados que realizaron la captura.<\/p>\n<p>Tambi\u00e9n durante la semana pasada llegaron a Pasajes unos 6.000 kilos de <strong>Bonito del Norte<\/strong> y el mayor desembarco ha tenido lugar esta misma madrugada en el puerto de Santo\u00f1a con cerca de 20.000 kilos.<\/p>\n<p>Estos escurridizos ejemplares han sido capturados siguiendo la tradicional t\u00e9cnica del curric\u00e1n o la cacea, t\u00e9cnicas de pesca con anzuelo que se remontan a varios siglos atr\u00e1s.<\/p>\n<p>El <a href=\"https:\/\/www.serrats.com\/es\/comprar-bonito-del-norte\"><strong>Bonito del Norte<\/strong><\/a> es el pescado de mayor calidad de la familia de los atunes y, es ahora, durante el verano, cuando se acerca en grandes grupos al Mar Cant\u00e1brico y se captura en la llamada \u201c<strong>Costera del Bonito<\/strong>\u201d. Su carne blanca tiene un sabor delicioso y es de textura suave.<\/p>\n<p>\u00a1A disfrutar!<\/p>\n","protected":false},"excerpt":{"rendered":"<p>Por fin llega el preciado \u201ctesoro\u201d a nuestras costas y arranca la costera del Bonito del Norte. Durante la jornada del viernes, desembarcaron en el puerto de Bermeo 2.000 kilos de nuestro tan apreciado Bonito del Norte. Los pesqueros locales, \u201cBeti Zeruko Izarra\u201d y \u201cJon Kurtzio\u201d, adem\u00e1s del \u201cBihotz Alai\u201d de Armintza, fueron los afortunados [&hellip;]<\/p>\n","protected":false},"author":15,"featured_media":13620,"comment_status":"open","ping_status":"open","sticky":false,"template":"","format":"standard","meta":{"_acf_changed":false,"footnotes":""},"categories":[11],"tags":[],"class_list":["post-13613","post","type-post","status-publish","format-standard","has-post-thumbnail","hentry","category-noticias-y-curiosidades"],"acf":[],"yoast_head":"<!-- This site is optimized with the Yoast SEO plugin v25.6 - https:\/\/yoast.com\/wordpress\/plugins\/seo\/ -->\n<title>Arranca la Costera del Bonito en Bermeo - La Cocina de Serrats<\/title>\n<meta name=\"description\" content=\"Por fin llega el preciado \u201ctesoro\u201d a nuestras costas y arranca la costera del Bonito del Norte. \u00a1El mejor de los atunes ya est\u00e1 aqu\u00ed!\" \/>\n<meta name=\"robots\" content=\"index, follow, max-snippet:-1, max-image-preview:large, max-video-preview:-1\" \/>\n<link rel=\"canonical\" href=\"https:\/\/www.serrats.com\/recetas\/arranca-la-costera-del-bonito-del-norte-en-bermeo\/\" \/>\n<meta property=\"og:locale\" content=\"es_ES\" \/>\n<meta property=\"og:type\" content=\"article\" \/>\n<meta property=\"og:title\" content=\"Arranca la Costera del Bonito en Bermeo - La Cocina de Serrats\" \/>\n<meta property=\"og:description\" content=\"Por fin llega el preciado \u201ctesoro\u201d a nuestras costas y arranca la costera del Bonito del Norte. \u00a1El mejor de los atunes ya est\u00e1 aqu\u00ed!\" \/>\n<meta property=\"og:url\" content=\"https:\/\/www.serrats.com\/recetas\/arranca-la-costera-del-bonito-del-norte-en-bermeo\/\" \/>\n<meta property=\"og:site_name\" content=\"La Cocina de Serrats\" \/>\n<meta property=\"article:published_time\" content=\"2016-06-28T11:30:46+00:00\" \/>\n<meta property=\"article:modified_time\" content=\"2016-06-28T13:48:42+00:00\" \/>\n<meta property=\"og:image\" content=\"https:\/\/www.serrats.com\/recetas\/wp-content\/uploads\/bonito1.jpg\" \/>\n\t<meta property=\"og:image:width\" content=\"1280\" \/>\n\t<meta property=\"og:image:height\" content=\"960\" \/>\n\t<meta property=\"og:image:type\" content=\"image\/jpeg\" \/>\n<meta name=\"author\" content=\"Esperanza\" \/>\n<meta name=\"twitter:card\" content=\"summary_large_image\" \/>\n<meta name=\"twitter:label1\" content=\"Escrito por\" \/>\n\t<meta name=\"twitter:data1\" content=\"Esperanza\" \/>\n\t<meta name=\"twitter:label2\" content=\"Tiempo de lectura\" \/>\n\t<meta name=\"twitter:data2\" content=\"1 minuto\" \/>\n<script type=\"application\/ld+json\" class=\"yoast-schema-graph\">{\"@context\":\"https:\/\/schema.org\",\"@graph\":[{\"@type\":\"Article\",\"@id\":\"https:\/\/www.serrats.com\/recetas\/arranca-la-costera-del-bonito-del-norte-en-bermeo\/#article\",\"isPartOf\":{\"@id\":\"https:\/\/www.serrats.com\/recetas\/arranca-la-costera-del-bonito-del-norte-en-bermeo\/\"},\"author\":{\"name\":\"Esperanza\",\"@id\":\"https:\/\/www.serrats.com\/recetas\/#\/schema\/person\/0414b085e9fcf728d811b0b2df68a04d\"},\"headline\":\"Arranca la costera del Bonito del Norte en Bermeo\",\"datePublished\":\"2016-06-28T11:30:46+00:00\",\"dateModified\":\"2016-06-28T13:48:42+00:00\",\"mainEntityOfPage\":{\"@id\":\"https:\/\/www.serrats.com\/recetas\/arranca-la-costera-del-bonito-del-norte-en-bermeo\/\"},\"wordCount\":189,\"commentCount\":0,\"publisher\":{\"@id\":\"https:\/\/www.serrats.com\/recetas\/#organization\"},\"image\":{\"@id\":\"https:\/\/www.serrats.com\/recetas\/arranca-la-costera-del-bonito-del-norte-en-bermeo\/#primaryimage\"},\"thumbnailUrl\":\"https:\/\/www.serrats.com\/recetas\/wp-content\/uploads\/bonito1.jpg\",\"articleSection\":[\"Noticias y curiosidades\"],\"inLanguage\":\"es\",\"potentialAction\":[{\"@type\":\"CommentAction\",\"name\":\"Comment\",\"target\":[\"https:\/\/www.serrats.com\/recetas\/arranca-la-costera-del-bonito-del-norte-en-bermeo\/#respond\"]}]},{\"@type\":\"WebPage\",\"@id\":\"https:\/\/www.serrats.com\/recetas\/arranca-la-costera-del-bonito-del-norte-en-bermeo\/\",\"url\":\"https:\/\/www.serrats.com\/recetas\/arranca-la-costera-del-bonito-del-norte-en-bermeo\/\",\"name\":\"Arranca la Costera del Bonito en Bermeo - La Cocina de Serrats\",\"isPartOf\":{\"@id\":\"https:\/\/www.serrats.com\/recetas\/#website\"},\"primaryImageOfPage\":{\"@id\":\"https:\/\/www.serrats.com\/recetas\/arranca-la-costera-del-bonito-del-norte-en-bermeo\/#primaryimage\"},\"image\":{\"@id\":\"https:\/\/www.serrats.com\/recetas\/arranca-la-costera-del-bonito-del-norte-en-bermeo\/#primaryimage\"},\"thumbnailUrl\":\"https:\/\/www.serrats.com\/recetas\/wp-content\/uploads\/bonito1.jpg\",\"datePublished\":\"2016-06-28T11:30:46+00:00\",\"dateModified\":\"2016-06-28T13:48:42+00:00\",\"description\":\"Por fin llega el preciado \u201ctesoro\u201d a nuestras costas y arranca la costera del Bonito del Norte. \u00a1El mejor de los atunes ya est\u00e1 aqu\u00ed!\",\"breadcrumb\":{\"@id\":\"https:\/\/www.serrats.com\/recetas\/arranca-la-costera-del-bonito-del-norte-en-bermeo\/#breadcrumb\"},\"inLanguage\":\"es\",\"potentialAction\":[{\"@type\":\"ReadAction\",\"target\":[\"https:\/\/www.serrats.com\/recetas\/arranca-la-costera-del-bonito-del-norte-en-bermeo\/\"]}]},{\"@type\":\"ImageObject\",\"inLanguage\":\"es\",\"@id\":\"https:\/\/www.serrats.com\/recetas\/arranca-la-costera-del-bonito-del-norte-en-bermeo\/#primaryimage\",\"url\":\"https:\/\/www.serrats.com\/recetas\/wp-content\/uploads\/bonito1.jpg\",\"contentUrl\":\"https:\/\/www.serrats.com\/recetas\/wp-content\/uploads\/bonito1.jpg\",\"width\":1280,\"height\":960,\"caption\":\"Bonito del Norte\"},{\"@type\":\"BreadcrumbList\",\"@id\":\"https:\/\/www.serrats.com\/recetas\/arranca-la-costera-del-bonito-del-norte-en-bermeo\/#breadcrumb\",\"itemListElement\":[{\"@type\":\"ListItem\",\"position\":1,\"name\":\"Blog\",\"item\":\"https:\/\/www.serrats.com\/recetas\/\"},{\"@type\":\"ListItem\",\"position\":2,\"name\":\"Noticias y curiosidades\",\"item\":\"https:\/\/www.serrats.com\/recetas\/noticias-y-curiosidades\/\"},{\"@type\":\"ListItem\",\"position\":3,\"name\":\"Arranca la costera del Bonito del Norte en Bermeo\"}]},{\"@type\":\"WebSite\",\"@id\":\"https:\/\/www.serrats.com\/recetas\/#website\",\"url\":\"https:\/\/www.serrats.com\/recetas\/\",\"name\":\"La Cocina de Serrats\",\"description\":\"\",\"publisher\":{\"@id\":\"https:\/\/www.serrats.com\/recetas\/#organization\"},\"potentialAction\":[{\"@type\":\"SearchAction\",\"target\":{\"@type\":\"EntryPoint\",\"urlTemplate\":\"https:\/\/www.serrats.com\/recetas\/?s={search_term_string}\"},\"query-input\":{\"@type\":\"PropertyValueSpecification\",\"valueRequired\":true,\"valueName\":\"search_term_string\"}}],\"inLanguage\":\"es\"},{\"@type\":\"Organization\",\"@id\":\"https:\/\/www.serrats.com\/recetas\/#organization\",\"name\":\"La Cocina de Serrats\",\"url\":\"https:\/\/www.serrats.com\/recetas\/\",\"logo\":{\"@type\":\"ImageObject\",\"inLanguage\":\"es\",\"@id\":\"https:\/\/www.serrats.com\/recetas\/#\/schema\/logo\/image\/\",\"url\":\"https:\/\/www.serrats.com\/recetas\/wp-content\/uploads\/2023\/08\/serratslogo.svg\",\"contentUrl\":\"https:\/\/www.serrats.com\/recetas\/wp-content\/uploads\/2023\/08\/serratslogo.svg\",\"width\":162,\"height\":72,\"caption\":\"La Cocina de Serrats\"},\"image\":{\"@id\":\"https:\/\/www.serrats.com\/recetas\/#\/schema\/logo\/image\/\"}},{\"@type\":\"Person\",\"@id\":\"https:\/\/www.serrats.com\/recetas\/#\/schema\/person\/0414b085e9fcf728d811b0b2df68a04d\",\"name\":\"Esperanza\",\"image\":{\"@type\":\"ImageObject\",\"inLanguage\":\"es\",\"@id\":\"https:\/\/www.serrats.com\/recetas\/#\/schema\/person\/image\/\",\"url\":\"https:\/\/secure.gravatar.com\/avatar\/8f840ca8082dd7931147c838368d835905d7b2fd556595ffb054da471ddbc6ce?s=96&d=mm&r=g\",\"contentUrl\":\"https:\/\/secure.gravatar.com\/avatar\/8f840ca8082dd7931147c838368d835905d7b2fd556595ffb054da471ddbc6ce?s=96&d=mm&r=g\",\"caption\":\"Esperanza\"},\"url\":\"https:\/\/www.serrats.com\/recetas\/author\/alan\/\"}]}<\/script>\n<!-- \/ Yoast SEO plugin. -->","yoast_head_json":{"title":"Arranca la Costera del Bonito en Bermeo - La Cocina de Serrats","description":"Por fin llega el preciado \u201ctesoro\u201d a nuestras costas y arranca la costera del Bonito del Norte. \u00a1El mejor de los atunes ya est\u00e1 aqu\u00ed!","robots":{"index":"index","follow":"follow","max-snippet":"max-snippet:-1","max-image-preview":"max-image-preview:large","max-video-preview":"max-video-preview:-1"},"canonical":"https:\/\/www.serrats.com\/recetas\/arranca-la-costera-del-bonito-del-norte-en-bermeo\/","og_locale":"es_ES","og_type":"article","og_title":"Arranca la Costera del Bonito en Bermeo - La Cocina de Serrats","og_description":"Por fin llega el preciado \u201ctesoro\u201d a nuestras costas y arranca la costera del Bonito del Norte. \u00a1El mejor de los atunes ya est\u00e1 aqu\u00ed!","og_url":"https:\/\/www.serrats.com\/recetas\/arranca-la-costera-del-bonito-del-norte-en-bermeo\/","og_site_name":"La Cocina de Serrats","article_published_time":"2016-06-28T11:30:46+00:00","article_modified_time":"2016-06-28T13:48:42+00:00","og_image":[{"width":1280,"height":960,"url":"https:\/\/www.serrats.com\/recetas\/wp-content\/uploads\/bonito1.jpg","type":"image\/jpeg"}],"author":"Esperanza","twitter_card":"summary_large_image","twitter_misc":{"Escrito por":"Esperanza","Tiempo de lectura":"1 minuto"},"schema":{"@context":"https:\/\/schema.org","@graph":[{"@type":"Article","@id":"https:\/\/www.serrats.com\/recetas\/arranca-la-costera-del-bonito-del-norte-en-bermeo\/#article","isPartOf":{"@id":"https:\/\/www.serrats.com\/recetas\/arranca-la-costera-del-bonito-del-norte-en-bermeo\/"},"author":{"name":"Esperanza","@id":"https:\/\/www.serrats.com\/recetas\/#\/schema\/person\/0414b085e9fcf728d811b0b2df68a04d"},"headline":"Arranca la costera del Bonito del Norte en Bermeo","datePublished":"2016-06-28T11:30:46+00:00","dateModified":"2016-06-28T13:48:42+00:00","mainEntityOfPage":{"@id":"https:\/\/www.serrats.com\/recetas\/arranca-la-costera-del-bonito-del-norte-en-bermeo\/"},"wordCount":189,"commentCount":0,"publisher":{"@id":"https:\/\/www.serrats.com\/recetas\/#organization"},"image":{"@id":"https:\/\/www.serrats.com\/recetas\/arranca-la-costera-del-bonito-del-norte-en-bermeo\/#primaryimage"},"thumbnailUrl":"https:\/\/www.serrats.com\/recetas\/wp-content\/uploads\/bonito1.jpg","articleSection":["Noticias y curiosidades"],"inLanguage":"es","potentialAction":[{"@type":"CommentAction","name":"Comment","target":["https:\/\/www.serrats.com\/recetas\/arranca-la-costera-del-bonito-del-norte-en-bermeo\/#respond"]}]},{"@type":"WebPage","@id":"https:\/\/www.serrats.com\/recetas\/arranca-la-costera-del-bonito-del-norte-en-bermeo\/","url":"https:\/\/www.serrats.com\/recetas\/arranca-la-costera-del-bonito-del-norte-en-bermeo\/","name":"Arranca la Costera del Bonito en Bermeo - La Cocina de Serrats","isPartOf":{"@id":"https:\/\/www.serrats.com\/recetas\/#website"},"primaryImageOfPage":{"@id":"https:\/\/www.serrats.com\/recetas\/arranca-la-costera-del-bonito-del-norte-en-bermeo\/#primaryimage"},"image":{"@id":"https:\/\/www.serrats.com\/recetas\/arranca-la-costera-del-bonito-del-norte-en-bermeo\/#primaryimage"},"thumbnailUrl":"https:\/\/www.serrats.com\/recetas\/wp-content\/uploads\/bonito1.jpg","datePublished":"2016-06-28T11:30:46+00:00","dateModified":"2016-06-28T13:48:42+00:00","description":"Por fin llega el preciado \u201ctesoro\u201d a nuestras costas y arranca la costera del Bonito del Norte. \u00a1El mejor de los atunes ya est\u00e1 aqu\u00ed!","breadcrumb":{"@id":"https:\/\/www.serrats.com\/recetas\/arranca-la-costera-del-bonito-del-norte-en-bermeo\/#breadcrumb"},"inLanguage":"es","potentialAction":[{"@type":"ReadAction","target":["https:\/\/www.serrats.com\/recetas\/arranca-la-costera-del-bonito-del-norte-en-bermeo\/"]}]},{"@type":"ImageObject","inLanguage":"es","@id":"https:\/\/www.serrats.com\/recetas\/arranca-la-costera-del-bonito-del-norte-en-bermeo\/#primaryimage","url":"https:\/\/www.serrats.com\/recetas\/wp-content\/uploads\/bonito1.jpg","contentUrl":"https:\/\/www.serrats.com\/recetas\/wp-content\/uploads\/bonito1.jpg","width":1280,"height":960,"caption":"Bonito del Norte"},{"@type":"BreadcrumbList","@id":"https:\/\/www.serrats.com\/recetas\/arranca-la-costera-del-bonito-del-norte-en-bermeo\/#breadcrumb","itemListElement":[{"@type":"ListItem","position":1,"name":"Blog","item":"https:\/\/www.serrats.com\/recetas\/"},{"@type":"ListItem","position":2,"name":"Noticias y curiosidades","item":"https:\/\/www.serrats.com\/recetas\/noticias-y-curiosidades\/"},{"@type":"ListItem","position":3,"name":"Arranca la costera del Bonito del Norte en Bermeo"}]},{"@type":"WebSite","@id":"https:\/\/www.serrats.com\/recetas\/#website","url":"https:\/\/www.serrats.com\/recetas\/","name":"La Cocina de Serrats","description":"","publisher":{"@id":"https:\/\/www.serrats.com\/recetas\/#organization"},"potentialAction":[{"@type":"SearchAction","target":{"@type":"EntryPoint","urlTemplate":"https:\/\/www.serrats.com\/recetas\/?s={search_term_string}"},"query-input":{"@type":"PropertyValueSpecification","valueRequired":true,"valueName":"search_term_string"}}],"inLanguage":"es"},{"@type":"Organization","@id":"https:\/\/www.serrats.com\/recetas\/#organization","name":"La Cocina de Serrats","url":"https:\/\/www.serrats.com\/recetas\/","logo":{"@type":"ImageObject","inLanguage":"es","@id":"https:\/\/www.serrats.com\/recetas\/#\/schema\/logo\/image\/","url":"https:\/\/www.serrats.com\/recetas\/wp-content\/uploads\/2023\/08\/serratslogo.svg","contentUrl":"https:\/\/www.serrats.com\/recetas\/wp-content\/uploads\/2023\/08\/serratslogo.svg","width":162,"height":72,"caption":"La Cocina de Serrats"},"image":{"@id":"https:\/\/www.serrats.com\/recetas\/#\/schema\/logo\/image\/"}},{"@type":"Person","@id":"https:\/\/www.serrats.com\/recetas\/#\/schema\/person\/0414b085e9fcf728d811b0b2df68a04d","name":"Esperanza","image":{"@type":"ImageObject","inLanguage":"es","@id":"https:\/\/www.serrats.com\/recetas\/#\/schema\/person\/image\/","url":"https:\/\/secure.gravatar.com\/avatar\/8f840ca8082dd7931147c838368d835905d7b2fd556595ffb054da471ddbc6ce?s=96&d=mm&r=g","contentUrl":"https:\/\/secure.gravatar.com\/avatar\/8f840ca8082dd7931147c838368d835905d7b2fd556595ffb054da471ddbc6ce?s=96&d=mm&r=g","caption":"Esperanza"},"url":"https:\/\/www.serrats.com\/recetas\/author\/alan\/"}]}},"_links":{"self":[{"href":"https:\/\/www.serrats.com\/recetas\/wp-json\/wp\/v2\/posts\/13613","targetHints":{"allow":["GET"]}}],"collection":[{"href":"https:\/\/www.serrats.com\/recetas\/wp-json\/wp\/v2\/posts"}],"about":[{"href":"https:\/\/www.serrats.com\/recetas\/wp-json\/wp\/v2\/types\/post"}],"author":[{"embeddable":true,"href":"https:\/\/www.serrats.com\/recetas\/wp-json\/wp\/v2\/users\/15"}],"replies":[{"embeddable":true,"href":"https:\/\/www.serrats.com\/recetas\/wp-json\/wp\/v2\/comments?post=13613"}],"version-history":[{"count":5,"href":"https:\/\/www.serrats.com\/recetas\/wp-json\/wp\/v2\/posts\/13613\/revisions"}],"predecessor-version":[{"id":13619,"href":"https:\/\/www.serrats.com\/recetas\/wp-json\/wp\/v2\/posts\/13613\/revisions\/13619"}],"wp:featuredmedia":[{"embeddable":true,"href":"https:\/\/www.serrats.com\/recetas\/wp-json\/wp\/v2\/media\/13620"}],"wp:attachment":[{"href":"https:\/\/www.serrats.com\/recetas\/wp-json\/wp\/v2\/media?parent=13613"}],"wp:term":[{"taxonomy":"category","embeddable":true,"href":"https:\/\/www.serrats.com\/recetas\/wp-json\/wp\/v2\/categories?post=13613"},{"taxonomy":"post_tag","embeddable":true,"href":"https:\/\/www.serrats.com\/recetas\/wp-json\/wp\/v2\/tags?post=13613"}],"curies":[{"name":"wp","href":"https:\/\/api.w.org\/{rel}","templated":true}]}}