{"id":18041,"date":"2019-05-27T13:46:56","date_gmt":"2019-05-27T11:46:56","guid":{"rendered":"http:\/\/serrats.com\/recetas\/?p=18041"},"modified":"2019-05-27T13:53:16","modified_gmt":"2019-05-27T11:53:16","slug":"celiaquia-sintomas-diagnostico","status":"publish","type":"post","link":"https:\/\/www.serrats.com\/recetas\/celiaquia-sintomas-diagnostico\/","title":{"rendered":"Celiaqu\u00eda: s\u00edntomas y diagn\u00f3stico."},"content":{"rendered":"<p>Hoy, desde nuestro rinc\u00f3n de <a href=\"https:\/\/serrats.com\/recetas\/nutricion\/\">nutrici\u00f3n y salud<\/a>, queremos hablar de los <strong>s\u00edntomas de la celiaqu\u00eda<\/strong> y su <strong>diagn\u00f3stico<\/strong>. Es nuestra forma de aportar nuestro granito de arena al\u00a0<strong>D\u00eda Nacional del Cel\u00edaco<\/strong>, que se celebra cada 27 de mayo\u00a0con el fin dar visibilidad y apoyo a las personas cel\u00edacas.<\/p>\n<p>La <strong>celiaqu\u00eda o intolerancia al gluten<\/strong> es\u00a0una enfermedad intestinal cr\u00f3nica, que se da en individuos que est\u00e1n predispuestos\u00a0gen\u00e9ticamente (en un porcentaje elevado) y que al ingerir gluten provoca una malabsorci\u00f3n de nutrientes a nivel del intestino delgado (da\u00f1a la pared del intestino, y\u00a0 estos da\u00f1os provocan esa malabsorci\u00f3n).<\/p>\n<p>El <strong>gluten<\/strong> es una <strong>prote\u00edna<\/strong> presente en la semilla de determinados cereales (trigo, triticales, espelta, derivados e h\u00edbridos de ellos, centeno, cebada y avena) formada por Gliadina y Glutenina y que le da consistencia, elasticidad y\u00a0esponjosidad a la harina, panes y masas de estos cereales.<\/p>\n<h2>S\u00edntomas de la cel\u00edaqu\u00eda y diagn\u00f3stico<\/h2>\n<p>La ingesti\u00f3n de esta prote\u00edna por parte de personas intolerantes al gluten provoca:<\/p>\n<ul>\n<li>malestar intestinal, distensi\u00f3n abdominal,<\/li>\n<li>deposiciones frecuentes,<\/li>\n<li>anemias de hierro por mala absorci\u00f3n del mismo,<\/li>\n<li>(en ni\u00f1os) retraso del crecimiento y alteraci\u00f3n del car\u00e1cter,<\/li>\n<li>eccemas,<\/li>\n<li>cansancio,<\/li>\n<li>estre\u00f1imiento,<\/li>\n<li>dolor de cabeza&#8230;<\/li>\n<\/ul>\n<p class=\"normal\"><span lang=\"es\">La forma de llegar al diagn\u00f3stico es a trav\u00e9s de varias pruebas:<\/span><\/p>\n<ul>\n<li>An\u00e1lisis de sangre buscando los marcadores que nos indican esa intolerancia (anticuerpos anti-gliadina, anticuerpos anti-transglutaminasa y anticuerpos antiendomisiales).<\/li>\n<li>Biopsia de Intestino delgado (para ver las vellosidades).<\/li>\n<li>Pruebas gen\u00e9ticas determinadas (genes HLA-DQ2 o DQ8) que en el caso de dar positivo es indicativo de enfermedad cel\u00edaca (casi al 100%).<\/li>\n<\/ul>\n<h2>Tratamiento de la intolerancia al gluten<\/h2>\n<p>La \u00fanica forma de tratar la enfermedad cel\u00edaca y que no nos provoque ning\u00fan problema de salud\u00a0es evitar el consumo de gluten por lo que est\u00e1 prohibido consumir:<\/p>\n<ul>\n<li>Todos aquellos alimentos que contengan trigo, cebada, centeno y avena, como pan, pasta, galletas, pasteles, cereales, pan rallado&#8230;<\/li>\n<li>Cerveza,<\/li>\n<li>Alimentos procesados que contengan gluten (el 80 % lo llevan): embutidos, salsas, caramelos, snacks, helados&#8230;<\/li>\n<\/ul>\n<p>Es muy importante <strong>leer bien las etiquetas<\/strong> para saber si contiene o no gluten. Hoy en d\u00eda\u00a0los alimentos procesados suelen poner ya si est\u00e1n libres de gluten. Adem\u00e1s, a\u00a0d\u00eda de hoy se est\u00e1n haciendo m\u00e1s productos libres de gluten. Pero el problema es que\u00a0son productos mucho m\u00e1s caros. Adem\u00e1s, hay que tener cuidado con el consumo de algunos productos \u00ablibres de gluten\u00bb,\u00a0 ya que pueden ser\u00a0alimentos en general poco recomendables para la salud al considerarse\u00a0alimentos procesados ( una galleta libre de gluten no tiene porqu\u00e9 ser una buena\u00a0galleta).<\/p>\n<h3>\u00bfQu\u00e9 comer si somos intolerantes al gluten?<\/h3>\n<p>En general, las personas con intoleracia al gluten pueden comer un amplio abanico de productos naturales como frutas, verduras, pescado, carne, huevos, legumbre&#8230; Asimismo, pueden comer cereales que no contengan gluten como arroz, ma\u00edz, mijo, quinoa y trigo sarraceno (que aunque no son cereales se engloban en este grupo), sorgo&#8230; l\u00e1cteos\u00a0 y otros buenos procesados como las conservas de pescado. Siempre mirando las etiquetas para comprobar que se trata de l\u00e1cteos y buenos procesados sin gluten.<\/p>\n<p><img fetchpriority=\"high\" decoding=\"async\" class=\"aligncenter size-medium wp-image-11623\" src=\"https:\/\/serrats.com\/recetas\/wp-content\/uploads\/conservas-gluten-free2-600x450.jpg\" alt=\"Conservas sin gluten\" width=\"600\" height=\"450\" srcset=\"https:\/\/www.serrats.com\/recetas\/wp-content\/uploads\/conservas-gluten-free2.jpg 600w, https:\/\/www.serrats.com\/recetas\/wp-content\/uploads\/conservas-gluten-free2-420x315.jpg 420w\" sizes=\"(max-width: 600px) 100vw, 600px\" \/><\/p>\n<h2>Otras patolog\u00edas relacionadas el gluten<\/h2>\n<p>Adem\u00e1s de la celiaqu\u00eda, existen otras patolog\u00edas relacionadas con el gluten, pero que son diferentes:<\/p>\n<ul>\n<li><strong>Sensibilidad al trigo no cel\u00edaca.<\/strong>\u00a0Tiene una sintomatolog\u00eda muy parecida a la intolerancia al gluten cuando ingieren alimentos que lo contiene pero no es una reacci\u00f3n autoinmune (como s\u00ed es el caso de la celiaqu\u00eda) por lo que las pruebas diagn\u00f3sticas de celiaqu\u00eda suelen dar negativas, y tampoco es una alergia al trigo. El diagn\u00f3stico se suele hacer por exclusi\u00f3n de las patolog\u00edas anteriormente citadas y su tratamiento tambi\u00e9n es la exclusi\u00f3n de la dieta del gluten, aunque en algunos casos pueden tolerar comer peque\u00f1as cantidades de cereales que contienen gluten.<\/li>\n<li><strong>Alergia al trigo.<\/strong>\u00a0En este caso lo que se produce es una respuesta desproporcionada del sistema inmune ante las las prote\u00ednas del trigo, que pueden llegar a comprometer la vida de la persona que la padece. En este caso, no se puede tomar trigo (solo trigo no el resto de cereales) de por vida.<\/li>\n<\/ul>\n<p>&nbsp;<\/p>\n","protected":false},"excerpt":{"rendered":"<p>Hoy, desde nuestro rinc\u00f3n de nutrici\u00f3n y salud, queremos hablar de los s\u00edntomas de la celiaqu\u00eda y su diagn\u00f3stico. Es nuestra forma de aportar nuestro granito de arena al\u00a0D\u00eda Nacional del Cel\u00edaco, que se celebra cada 27 de mayo\u00a0con el fin dar visibilidad y apoyo a las personas cel\u00edacas. La celiaqu\u00eda o intolerancia al gluten [&hellip;]<\/p>\n","protected":false},"author":18,"featured_media":9484,"comment_status":"open","ping_status":"open","sticky":false,"template":"","format":"standard","meta":{"_acf_changed":false,"footnotes":""},"categories":[2763],"tags":[560,306],"class_list":["post-18041","post","type-post","status-publish","format-standard","has-post-thumbnail","hentry","category-nutricion","tag-celiacos","tag-sin-gluten"],"acf":[],"yoast_head":"<!-- This site is optimized with the Yoast SEO plugin v25.6 - https:\/\/yoast.com\/wordpress\/plugins\/seo\/ -->\n<title>Celiaqu\u00eda: s\u00edntomas y diagn\u00f3stico. - La Cocina de Serrats<\/title>\n<meta name=\"description\" content=\"En el D\u00eda Nacional del Cel\u00edaco, hablamos de los s\u00edntomas de la celiaqu\u00eda y su diagn\u00f3stico.\" \/>\n<meta name=\"robots\" content=\"index, follow, max-snippet:-1, max-image-preview:large, max-video-preview:-1\" \/>\n<link rel=\"canonical\" href=\"https:\/\/www.serrats.com\/recetas\/celiaquia-sintomas-diagnostico\/\" \/>\n<meta property=\"og:locale\" content=\"es_ES\" \/>\n<meta property=\"og:type\" content=\"article\" \/>\n<meta property=\"og:title\" content=\"Celiaqu\u00eda: s\u00edntomas y diagn\u00f3stico. - La Cocina de Serrats\" \/>\n<meta property=\"og:description\" content=\"En el D\u00eda Nacional del Cel\u00edaco, hablamos de los s\u00edntomas de la celiaqu\u00eda y su diagn\u00f3stico.\" \/>\n<meta property=\"og:url\" content=\"https:\/\/www.serrats.com\/recetas\/celiaquia-sintomas-diagnostico\/\" \/>\n<meta property=\"og:site_name\" content=\"La Cocina de Serrats\" \/>\n<meta property=\"article:published_time\" content=\"2019-05-27T11:46:56+00:00\" \/>\n<meta property=\"article:modified_time\" content=\"2019-05-27T11:53:16+00:00\" \/>\n<meta property=\"og:image\" content=\"https:\/\/www.serrats.com\/recetas\/wp-content\/uploads\/logodiaceliacos.jpg\" \/>\n\t<meta property=\"og:image:width\" content=\"469\" \/>\n\t<meta property=\"og:image:height\" content=\"397\" \/>\n\t<meta property=\"og:image:type\" content=\"image\/jpeg\" \/>\n<meta name=\"author\" content=\"Esperanza\" \/>\n<meta name=\"twitter:card\" content=\"summary_large_image\" \/>\n<meta name=\"twitter:label1\" content=\"Escrito por\" \/>\n\t<meta name=\"twitter:data1\" content=\"Esperanza\" \/>\n\t<meta name=\"twitter:label2\" content=\"Tiempo de lectura\" \/>\n\t<meta name=\"twitter:data2\" content=\"4 minutos\" \/>\n<script type=\"application\/ld+json\" class=\"yoast-schema-graph\">{\"@context\":\"https:\/\/schema.org\",\"@graph\":[{\"@type\":\"Article\",\"@id\":\"https:\/\/www.serrats.com\/recetas\/celiaquia-sintomas-diagnostico\/#article\",\"isPartOf\":{\"@id\":\"https:\/\/www.serrats.com\/recetas\/celiaquia-sintomas-diagnostico\/\"},\"author\":{\"name\":\"Esperanza\",\"@id\":\"https:\/\/www.serrats.com\/recetas\/#\/schema\/person\/e7c6d31fccdda786053f829cd52bfbe8\"},\"headline\":\"Celiaqu\u00eda: s\u00edntomas y diagn\u00f3stico.\",\"datePublished\":\"2019-05-27T11:46:56+00:00\",\"dateModified\":\"2019-05-27T11:53:16+00:00\",\"mainEntityOfPage\":{\"@id\":\"https:\/\/www.serrats.com\/recetas\/celiaquia-sintomas-diagnostico\/\"},\"wordCount\":734,\"commentCount\":0,\"publisher\":{\"@id\":\"https:\/\/www.serrats.com\/recetas\/#organization\"},\"image\":{\"@id\":\"https:\/\/www.serrats.com\/recetas\/celiaquia-sintomas-diagnostico\/#primaryimage\"},\"thumbnailUrl\":\"https:\/\/www.serrats.com\/recetas\/wp-content\/uploads\/logodiaceliacos.jpg\",\"keywords\":[\"cel\u00edacos\",\"sin gluten\"],\"articleSection\":[\"Nutrici\u00f3n y Salud\"],\"inLanguage\":\"es\",\"potentialAction\":[{\"@type\":\"CommentAction\",\"name\":\"Comment\",\"target\":[\"https:\/\/www.serrats.com\/recetas\/celiaquia-sintomas-diagnostico\/#respond\"]}]},{\"@type\":\"WebPage\",\"@id\":\"https:\/\/www.serrats.com\/recetas\/celiaquia-sintomas-diagnostico\/\",\"url\":\"https:\/\/www.serrats.com\/recetas\/celiaquia-sintomas-diagnostico\/\",\"name\":\"Celiaqu\u00eda: s\u00edntomas y diagn\u00f3stico. - La Cocina de Serrats\",\"isPartOf\":{\"@id\":\"https:\/\/www.serrats.com\/recetas\/#website\"},\"primaryImageOfPage\":{\"@id\":\"https:\/\/www.serrats.com\/recetas\/celiaquia-sintomas-diagnostico\/#primaryimage\"},\"image\":{\"@id\":\"https:\/\/www.serrats.com\/recetas\/celiaquia-sintomas-diagnostico\/#primaryimage\"},\"thumbnailUrl\":\"https:\/\/www.serrats.com\/recetas\/wp-content\/uploads\/logodiaceliacos.jpg\",\"datePublished\":\"2019-05-27T11:46:56+00:00\",\"dateModified\":\"2019-05-27T11:53:16+00:00\",\"description\":\"En el D\u00eda Nacional del Cel\u00edaco, hablamos de los s\u00edntomas de la celiaqu\u00eda y su diagn\u00f3stico.\",\"breadcrumb\":{\"@id\":\"https:\/\/www.serrats.com\/recetas\/celiaquia-sintomas-diagnostico\/#breadcrumb\"},\"inLanguage\":\"es\",\"potentialAction\":[{\"@type\":\"ReadAction\",\"target\":[\"https:\/\/www.serrats.com\/recetas\/celiaquia-sintomas-diagnostico\/\"]}]},{\"@type\":\"ImageObject\",\"inLanguage\":\"es\",\"@id\":\"https:\/\/www.serrats.com\/recetas\/celiaquia-sintomas-diagnostico\/#primaryimage\",\"url\":\"https:\/\/www.serrats.com\/recetas\/wp-content\/uploads\/logodiaceliacos.jpg\",\"contentUrl\":\"https:\/\/www.serrats.com\/recetas\/wp-content\/uploads\/logodiaceliacos.jpg\",\"width\":469,\"height\":397,\"caption\":\"27 de mayo, D\u00eda Nacional del Cel\u00edaco\"},{\"@type\":\"BreadcrumbList\",\"@id\":\"https:\/\/www.serrats.com\/recetas\/celiaquia-sintomas-diagnostico\/#breadcrumb\",\"itemListElement\":[{\"@type\":\"ListItem\",\"position\":1,\"name\":\"Blog\",\"item\":\"https:\/\/www.serrats.com\/recetas\/\"},{\"@type\":\"ListItem\",\"position\":2,\"name\":\"Nutrici\u00f3n y Salud\",\"item\":\"https:\/\/www.serrats.com\/recetas\/nutricion\/\"},{\"@type\":\"ListItem\",\"position\":3,\"name\":\"Celiaqu\u00eda: s\u00edntomas y diagn\u00f3stico.\"}]},{\"@type\":\"WebSite\",\"@id\":\"https:\/\/www.serrats.com\/recetas\/#website\",\"url\":\"https:\/\/www.serrats.com\/recetas\/\",\"name\":\"La Cocina de Serrats\",\"description\":\"\",\"publisher\":{\"@id\":\"https:\/\/www.serrats.com\/recetas\/#organization\"},\"potentialAction\":[{\"@type\":\"SearchAction\",\"target\":{\"@type\":\"EntryPoint\",\"urlTemplate\":\"https:\/\/www.serrats.com\/recetas\/?s={search_term_string}\"},\"query-input\":{\"@type\":\"PropertyValueSpecification\",\"valueRequired\":true,\"valueName\":\"search_term_string\"}}],\"inLanguage\":\"es\"},{\"@type\":\"Organization\",\"@id\":\"https:\/\/www.serrats.com\/recetas\/#organization\",\"name\":\"La Cocina de Serrats\",\"url\":\"https:\/\/www.serrats.com\/recetas\/\",\"logo\":{\"@type\":\"ImageObject\",\"inLanguage\":\"es\",\"@id\":\"https:\/\/www.serrats.com\/recetas\/#\/schema\/logo\/image\/\",\"url\":\"https:\/\/www.serrats.com\/recetas\/wp-content\/uploads\/2023\/08\/serratslogo.svg\",\"contentUrl\":\"https:\/\/www.serrats.com\/recetas\/wp-content\/uploads\/2023\/08\/serratslogo.svg\",\"width\":162,\"height\":72,\"caption\":\"La Cocina de Serrats\"},\"image\":{\"@id\":\"https:\/\/www.serrats.com\/recetas\/#\/schema\/logo\/image\/\"}},{\"@type\":\"Person\",\"@id\":\"https:\/\/www.serrats.com\/recetas\/#\/schema\/person\/e7c6d31fccdda786053f829cd52bfbe8\",\"name\":\"Esperanza\",\"image\":{\"@type\":\"ImageObject\",\"inLanguage\":\"es\",\"@id\":\"https:\/\/www.serrats.com\/recetas\/#\/schema\/person\/image\/\",\"url\":\"https:\/\/secure.gravatar.com\/avatar\/88bd6a2ba5af667cd2d32fe55c2f40c33afa802b8ec957fd1c4552be5e05b421?s=96&d=mm&r=g\",\"contentUrl\":\"https:\/\/secure.gravatar.com\/avatar\/88bd6a2ba5af667cd2d32fe55c2f40c33afa802b8ec957fd1c4552be5e05b421?s=96&d=mm&r=g\",\"caption\":\"Esperanza\"},\"url\":\"https:\/\/www.serrats.com\/recetas\/author\/overalia\/\"}]}<\/script>\n<!-- \/ Yoast SEO plugin. -->","yoast_head_json":{"title":"Celiaqu\u00eda: s\u00edntomas y diagn\u00f3stico. - La Cocina de Serrats","description":"En el D\u00eda Nacional del Cel\u00edaco, hablamos de los s\u00edntomas de la celiaqu\u00eda y su diagn\u00f3stico.","robots":{"index":"index","follow":"follow","max-snippet":"max-snippet:-1","max-image-preview":"max-image-preview:large","max-video-preview":"max-video-preview:-1"},"canonical":"https:\/\/www.serrats.com\/recetas\/celiaquia-sintomas-diagnostico\/","og_locale":"es_ES","og_type":"article","og_title":"Celiaqu\u00eda: s\u00edntomas y diagn\u00f3stico. - La Cocina de Serrats","og_description":"En el D\u00eda Nacional del Cel\u00edaco, hablamos de los s\u00edntomas de la celiaqu\u00eda y su diagn\u00f3stico.","og_url":"https:\/\/www.serrats.com\/recetas\/celiaquia-sintomas-diagnostico\/","og_site_name":"La Cocina de Serrats","article_published_time":"2019-05-27T11:46:56+00:00","article_modified_time":"2019-05-27T11:53:16+00:00","og_image":[{"width":469,"height":397,"url":"https:\/\/www.serrats.com\/recetas\/wp-content\/uploads\/logodiaceliacos.jpg","type":"image\/jpeg"}],"author":"Esperanza","twitter_card":"summary_large_image","twitter_misc":{"Escrito por":"Esperanza","Tiempo de lectura":"4 minutos"},"schema":{"@context":"https:\/\/schema.org","@graph":[{"@type":"Article","@id":"https:\/\/www.serrats.com\/recetas\/celiaquia-sintomas-diagnostico\/#article","isPartOf":{"@id":"https:\/\/www.serrats.com\/recetas\/celiaquia-sintomas-diagnostico\/"},"author":{"name":"Esperanza","@id":"https:\/\/www.serrats.com\/recetas\/#\/schema\/person\/e7c6d31fccdda786053f829cd52bfbe8"},"headline":"Celiaqu\u00eda: s\u00edntomas y diagn\u00f3stico.","datePublished":"2019-05-27T11:46:56+00:00","dateModified":"2019-05-27T11:53:16+00:00","mainEntityOfPage":{"@id":"https:\/\/www.serrats.com\/recetas\/celiaquia-sintomas-diagnostico\/"},"wordCount":734,"commentCount":0,"publisher":{"@id":"https:\/\/www.serrats.com\/recetas\/#organization"},"image":{"@id":"https:\/\/www.serrats.com\/recetas\/celiaquia-sintomas-diagnostico\/#primaryimage"},"thumbnailUrl":"https:\/\/www.serrats.com\/recetas\/wp-content\/uploads\/logodiaceliacos.jpg","keywords":["cel\u00edacos","sin gluten"],"articleSection":["Nutrici\u00f3n y Salud"],"inLanguage":"es","potentialAction":[{"@type":"CommentAction","name":"Comment","target":["https:\/\/www.serrats.com\/recetas\/celiaquia-sintomas-diagnostico\/#respond"]}]},{"@type":"WebPage","@id":"https:\/\/www.serrats.com\/recetas\/celiaquia-sintomas-diagnostico\/","url":"https:\/\/www.serrats.com\/recetas\/celiaquia-sintomas-diagnostico\/","name":"Celiaqu\u00eda: s\u00edntomas y diagn\u00f3stico. - La Cocina de Serrats","isPartOf":{"@id":"https:\/\/www.serrats.com\/recetas\/#website"},"primaryImageOfPage":{"@id":"https:\/\/www.serrats.com\/recetas\/celiaquia-sintomas-diagnostico\/#primaryimage"},"image":{"@id":"https:\/\/www.serrats.com\/recetas\/celiaquia-sintomas-diagnostico\/#primaryimage"},"thumbnailUrl":"https:\/\/www.serrats.com\/recetas\/wp-content\/uploads\/logodiaceliacos.jpg","datePublished":"2019-05-27T11:46:56+00:00","dateModified":"2019-05-27T11:53:16+00:00","description":"En el D\u00eda Nacional del Cel\u00edaco, hablamos de los s\u00edntomas de la celiaqu\u00eda y su diagn\u00f3stico.","breadcrumb":{"@id":"https:\/\/www.serrats.com\/recetas\/celiaquia-sintomas-diagnostico\/#breadcrumb"},"inLanguage":"es","potentialAction":[{"@type":"ReadAction","target":["https:\/\/www.serrats.com\/recetas\/celiaquia-sintomas-diagnostico\/"]}]},{"@type":"ImageObject","inLanguage":"es","@id":"https:\/\/www.serrats.com\/recetas\/celiaquia-sintomas-diagnostico\/#primaryimage","url":"https:\/\/www.serrats.com\/recetas\/wp-content\/uploads\/logodiaceliacos.jpg","contentUrl":"https:\/\/www.serrats.com\/recetas\/wp-content\/uploads\/logodiaceliacos.jpg","width":469,"height":397,"caption":"27 de mayo, D\u00eda Nacional del Cel\u00edaco"},{"@type":"BreadcrumbList","@id":"https:\/\/www.serrats.com\/recetas\/celiaquia-sintomas-diagnostico\/#breadcrumb","itemListElement":[{"@type":"ListItem","position":1,"name":"Blog","item":"https:\/\/www.serrats.com\/recetas\/"},{"@type":"ListItem","position":2,"name":"Nutrici\u00f3n y Salud","item":"https:\/\/www.serrats.com\/recetas\/nutricion\/"},{"@type":"ListItem","position":3,"name":"Celiaqu\u00eda: s\u00edntomas y diagn\u00f3stico."}]},{"@type":"WebSite","@id":"https:\/\/www.serrats.com\/recetas\/#website","url":"https:\/\/www.serrats.com\/recetas\/","name":"La Cocina de Serrats","description":"","publisher":{"@id":"https:\/\/www.serrats.com\/recetas\/#organization"},"potentialAction":[{"@type":"SearchAction","target":{"@type":"EntryPoint","urlTemplate":"https:\/\/www.serrats.com\/recetas\/?s={search_term_string}"},"query-input":{"@type":"PropertyValueSpecification","valueRequired":true,"valueName":"search_term_string"}}],"inLanguage":"es"},{"@type":"Organization","@id":"https:\/\/www.serrats.com\/recetas\/#organization","name":"La Cocina de Serrats","url":"https:\/\/www.serrats.com\/recetas\/","logo":{"@type":"ImageObject","inLanguage":"es","@id":"https:\/\/www.serrats.com\/recetas\/#\/schema\/logo\/image\/","url":"https:\/\/www.serrats.com\/recetas\/wp-content\/uploads\/2023\/08\/serratslogo.svg","contentUrl":"https:\/\/www.serrats.com\/recetas\/wp-content\/uploads\/2023\/08\/serratslogo.svg","width":162,"height":72,"caption":"La Cocina de Serrats"},"image":{"@id":"https:\/\/www.serrats.com\/recetas\/#\/schema\/logo\/image\/"}},{"@type":"Person","@id":"https:\/\/www.serrats.com\/recetas\/#\/schema\/person\/e7c6d31fccdda786053f829cd52bfbe8","name":"Esperanza","image":{"@type":"ImageObject","inLanguage":"es","@id":"https:\/\/www.serrats.com\/recetas\/#\/schema\/person\/image\/","url":"https:\/\/secure.gravatar.com\/avatar\/88bd6a2ba5af667cd2d32fe55c2f40c33afa802b8ec957fd1c4552be5e05b421?s=96&d=mm&r=g","contentUrl":"https:\/\/secure.gravatar.com\/avatar\/88bd6a2ba5af667cd2d32fe55c2f40c33afa802b8ec957fd1c4552be5e05b421?s=96&d=mm&r=g","caption":"Esperanza"},"url":"https:\/\/www.serrats.com\/recetas\/author\/overalia\/"}]}},"_links":{"self":[{"href":"https:\/\/www.serrats.com\/recetas\/wp-json\/wp\/v2\/posts\/18041","targetHints":{"allow":["GET"]}}],"collection":[{"href":"https:\/\/www.serrats.com\/recetas\/wp-json\/wp\/v2\/posts"}],"about":[{"href":"https:\/\/www.serrats.com\/recetas\/wp-json\/wp\/v2\/types\/post"}],"author":[{"embeddable":true,"href":"https:\/\/www.serrats.com\/recetas\/wp-json\/wp\/v2\/users\/18"}],"replies":[{"embeddable":true,"href":"https:\/\/www.serrats.com\/recetas\/wp-json\/wp\/v2\/comments?post=18041"}],"version-history":[{"count":10,"href":"https:\/\/www.serrats.com\/recetas\/wp-json\/wp\/v2\/posts\/18041\/revisions"}],"predecessor-version":[{"id":18051,"href":"https:\/\/www.serrats.com\/recetas\/wp-json\/wp\/v2\/posts\/18041\/revisions\/18051"}],"wp:featuredmedia":[{"embeddable":true,"href":"https:\/\/www.serrats.com\/recetas\/wp-json\/wp\/v2\/media\/9484"}],"wp:attachment":[{"href":"https:\/\/www.serrats.com\/recetas\/wp-json\/wp\/v2\/media?parent=18041"}],"wp:term":[{"taxonomy":"category","embeddable":true,"href":"https:\/\/www.serrats.com\/recetas\/wp-json\/wp\/v2\/categories?post=18041"},{"taxonomy":"post_tag","embeddable":true,"href":"https:\/\/www.serrats.com\/recetas\/wp-json\/wp\/v2\/tags?post=18041"}],"curies":[{"name":"wp","href":"https:\/\/api.w.org\/{rel}","templated":true}]}}