{"id":18337,"date":"2019-09-16T12:28:53","date_gmt":"2019-09-16T10:28:53","guid":{"rendered":"http:\/\/serrats.com\/recetas\/?p=18337"},"modified":"2019-09-16T12:33:51","modified_gmt":"2019-09-16T10:33:51","slug":"tercer-encuentro-nutricionsalud-otono","status":"publish","type":"post","link":"https:\/\/www.serrats.com\/recetas\/tercer-encuentro-nutricionsalud-otono\/","title":{"rendered":"Tercer encuentro sobre Nutrici\u00f3n&#038;Salud. Oto\u00f1o."},"content":{"rendered":"<p>\u00a1El\u00a0<strong>20 de septiembre<\/strong>\u00a0tenemos una nueva cita en\u00a0<strong>Instagram Live<\/strong>\u00a0para hablar sobre\u00a0<strong>nutrici\u00f3n y salud<\/strong>! Como sab\u00e9is, en marzo de este a\u00f1o estrenamos un ciclo de\u00a0<a href=\"https:\/\/serrats.com\/recetas\/encuentros-nutricionsalud-la-dra-lopez-ocana\/\">Encuentros de Nutrici\u00f3n&amp;Salud<\/a>\u00a0que consta de cuatro charlas digitales a trav\u00e9s de Instagram Live con la Dra. Arantza L\u00f3pez-Oca\u00f1a, la nutricionista que colabora en el blog La cocina de Serrats.<\/p>\n<p>La\u00a0<a href=\"https:\/\/serrats.com\/recetas\/ya-puedes-ver-video-del-encuentro-nutricion-salud\/\">primera jornada<\/a>, que se celebr\u00f3 el 22 de marzo, se centr\u00f3 en la primavera.\u00a0 Adem\u00e1s de hablar de productos de temporada y pesca sostenible, Arantza trajo unos deliciosos pat\u00e9s vegetales, que combinamos con nuestras conservas de pescado, con un resultado \u00a1espectacular! Muy buenas ideas para desayunos, meriendas o aperitivos saludables. La <a href=\"https:\/\/serrats.com\/recetas\/ii-encuentro-sobre-nutricion-salud-no-te-pierdas-el-video\/\">segunda jornada<\/a>\u00a0se celebr\u00f3 el 14 de junio y, adem\u00e1s de ver los productos de temporada,\u00a0Arantza prepar\u00f3 unas deliciosas ensaladas con frutas, muy completas, que combinamos con nuestras conservas de pescado, con un resultado \u00a1espectacular!<\/p>\n<p>El<strong>\u00a0III Encuentro sobre Nutrici\u00f3n&amp;Salud<\/strong>\u00a0tendr\u00e1 lugar el<strong>\u00a020 de septiembre a las 12:00<\/strong>, a trav\u00e9s de\u00a0<a href=\"https:\/\/www.instagram.com\/serratsconservas\/\">nuestro perfil de Instagram,\u00a0<strong>@serratsconservas<\/strong><\/a>. En esta ocasi\u00f3n, el oto\u00f1o est\u00e1 a la vuelta de la esquina y le damos la bienvenida hablando de los productos de temporada.\u00a0???<\/p>\n<p>Adem\u00e1s, veremos algunas curiosidades relacionadas con la alimentaci\u00f3n.<\/p>\n<p>Por \u00faltimo, hablaremos de los \u00ablunes sin carne\u00bb, una campa\u00f1a internacional que nos anima a no comer carne los lunes para mejorar nuestra salud y ayudar al planeta. Y os daremos algunas ideas para preparar platos sin carne.<\/p>\n<p>\u00a1Os esperamos!<\/p>\n<ul>\n<li><strong>Perfil de Instagram:<\/strong>\u00a0<a href=\"https:\/\/www.instagram.com\/serratsconservas\/\">instagram.com\/serratsconservas\/<\/a><\/li>\n<li><strong>Evento en Facebook:<\/strong>\u00a0<\/li>\n<\/ul>\n","protected":false},"excerpt":{"rendered":"<p>\u00a1El\u00a020 de septiembre\u00a0tenemos una nueva cita en\u00a0Instagram Live\u00a0para hablar sobre\u00a0nutrici\u00f3n y salud! Como sab\u00e9is, en marzo de este a\u00f1o estrenamos un ciclo de\u00a0Encuentros de Nutrici\u00f3n&amp;Salud\u00a0que consta de cuatro charlas digitales a trav\u00e9s de Instagram Live con la Dra. Arantza L\u00f3pez-Oca\u00f1a, la nutricionista que colabora en el blog La cocina de Serrats. La\u00a0primera jornada, que se [&hellip;]<\/p>\n","protected":false},"author":18,"featured_media":18338,"comment_status":"open","ping_status":"open","sticky":false,"template":"","format":"standard","meta":{"_acf_changed":false,"footnotes":""},"categories":[2763],"tags":[],"class_list":["post-18337","post","type-post","status-publish","format-standard","has-post-thumbnail","hentry","category-nutricion"],"acf":[],"yoast_head":"<!-- This site is optimized with the Yoast SEO plugin v25.6 - https:\/\/yoast.com\/wordpress\/plugins\/seo\/ -->\n<title>Tercer encuentro sobre Nutrici\u00f3n&amp;Salud. Oto\u00f1o. - La Cocina de Serrats<\/title>\n<meta name=\"description\" content=\"\u00a1El 20 de septiembre\u00a0tenemos una nueva cita en\u00a0Instagram Live\u00a0para hablar sobre\u00a0nutrici\u00f3n y salud con la Dra. L\u00f3pez-Oca\u00f1a! \u00a1Te esperamos!\" \/>\n<meta name=\"robots\" content=\"index, follow, max-snippet:-1, max-image-preview:large, max-video-preview:-1\" \/>\n<link rel=\"canonical\" href=\"https:\/\/www.serrats.com\/recetas\/tercer-encuentro-nutricionsalud-otono\/\" \/>\n<meta property=\"og:locale\" content=\"es_ES\" \/>\n<meta property=\"og:type\" content=\"article\" \/>\n<meta property=\"og:title\" content=\"Tercer encuentro sobre Nutrici\u00f3n&amp;Salud. Oto\u00f1o. - La Cocina de Serrats\" \/>\n<meta property=\"og:description\" content=\"\u00a1El 20 de septiembre\u00a0tenemos una nueva cita en\u00a0Instagram Live\u00a0para hablar sobre\u00a0nutrici\u00f3n y salud con la Dra. L\u00f3pez-Oca\u00f1a! \u00a1Te esperamos!\" \/>\n<meta property=\"og:url\" content=\"https:\/\/www.serrats.com\/recetas\/tercer-encuentro-nutricionsalud-otono\/\" \/>\n<meta property=\"og:site_name\" content=\"La Cocina de Serrats\" \/>\n<meta property=\"article:published_time\" content=\"2019-09-16T10:28:53+00:00\" \/>\n<meta property=\"article:modified_time\" content=\"2019-09-16T10:33:51+00:00\" \/>\n<meta property=\"og:image\" content=\"https:\/\/www.serrats.com\/recetas\/wp-content\/uploads\/2019\/09\/Evento-FB.jpg\" \/>\n\t<meta property=\"og:image:width\" content=\"1920\" \/>\n\t<meta property=\"og:image:height\" content=\"1080\" \/>\n\t<meta property=\"og:image:type\" content=\"image\/jpeg\" \/>\n<meta name=\"author\" content=\"Esperanza\" \/>\n<meta name=\"twitter:card\" content=\"summary_large_image\" \/>\n<meta name=\"twitter:label1\" content=\"Escrito por\" \/>\n\t<meta name=\"twitter:data1\" content=\"Esperanza\" \/>\n\t<meta name=\"twitter:label2\" content=\"Tiempo de lectura\" \/>\n\t<meta name=\"twitter:data2\" content=\"1 minuto\" \/>\n<script type=\"application\/ld+json\" class=\"yoast-schema-graph\">{\"@context\":\"https:\/\/schema.org\",\"@graph\":[{\"@type\":\"Article\",\"@id\":\"https:\/\/www.serrats.com\/recetas\/tercer-encuentro-nutricionsalud-otono\/#article\",\"isPartOf\":{\"@id\":\"https:\/\/www.serrats.com\/recetas\/tercer-encuentro-nutricionsalud-otono\/\"},\"author\":{\"name\":\"Esperanza\",\"@id\":\"https:\/\/www.serrats.com\/recetas\/#\/schema\/person\/e7c6d31fccdda786053f829cd52bfbe8\"},\"headline\":\"Tercer encuentro sobre Nutrici\u00f3n&#038;Salud. Oto\u00f1o.\",\"datePublished\":\"2019-09-16T10:28:53+00:00\",\"dateModified\":\"2019-09-16T10:33:51+00:00\",\"mainEntityOfPage\":{\"@id\":\"https:\/\/www.serrats.com\/recetas\/tercer-encuentro-nutricionsalud-otono\/\"},\"wordCount\":272,\"commentCount\":0,\"publisher\":{\"@id\":\"https:\/\/www.serrats.com\/recetas\/#organization\"},\"image\":{\"@id\":\"https:\/\/www.serrats.com\/recetas\/tercer-encuentro-nutricionsalud-otono\/#primaryimage\"},\"thumbnailUrl\":\"https:\/\/www.serrats.com\/recetas\/wp-content\/uploads\/2019\/09\/Evento-FB.jpg\",\"articleSection\":[\"Nutrici\u00f3n y Salud\"],\"inLanguage\":\"es\",\"potentialAction\":[{\"@type\":\"CommentAction\",\"name\":\"Comment\",\"target\":[\"https:\/\/www.serrats.com\/recetas\/tercer-encuentro-nutricionsalud-otono\/#respond\"]}]},{\"@type\":\"WebPage\",\"@id\":\"https:\/\/www.serrats.com\/recetas\/tercer-encuentro-nutricionsalud-otono\/\",\"url\":\"https:\/\/www.serrats.com\/recetas\/tercer-encuentro-nutricionsalud-otono\/\",\"name\":\"Tercer encuentro sobre Nutrici\u00f3n&Salud. Oto\u00f1o. - La Cocina de Serrats\",\"isPartOf\":{\"@id\":\"https:\/\/www.serrats.com\/recetas\/#website\"},\"primaryImageOfPage\":{\"@id\":\"https:\/\/www.serrats.com\/recetas\/tercer-encuentro-nutricionsalud-otono\/#primaryimage\"},\"image\":{\"@id\":\"https:\/\/www.serrats.com\/recetas\/tercer-encuentro-nutricionsalud-otono\/#primaryimage\"},\"thumbnailUrl\":\"https:\/\/www.serrats.com\/recetas\/wp-content\/uploads\/2019\/09\/Evento-FB.jpg\",\"datePublished\":\"2019-09-16T10:28:53+00:00\",\"dateModified\":\"2019-09-16T10:33:51+00:00\",\"description\":\"\u00a1El 20 de septiembre\u00a0tenemos una nueva cita en\u00a0Instagram Live\u00a0para hablar sobre\u00a0nutrici\u00f3n y salud con la Dra. L\u00f3pez-Oca\u00f1a! \u00a1Te esperamos!\",\"breadcrumb\":{\"@id\":\"https:\/\/www.serrats.com\/recetas\/tercer-encuentro-nutricionsalud-otono\/#breadcrumb\"},\"inLanguage\":\"es\",\"potentialAction\":[{\"@type\":\"ReadAction\",\"target\":[\"https:\/\/www.serrats.com\/recetas\/tercer-encuentro-nutricionsalud-otono\/\"]}]},{\"@type\":\"ImageObject\",\"inLanguage\":\"es\",\"@id\":\"https:\/\/www.serrats.com\/recetas\/tercer-encuentro-nutricionsalud-otono\/#primaryimage\",\"url\":\"https:\/\/www.serrats.com\/recetas\/wp-content\/uploads\/2019\/09\/Evento-FB.jpg\",\"contentUrl\":\"https:\/\/www.serrats.com\/recetas\/wp-content\/uploads\/2019\/09\/Evento-FB.jpg\",\"width\":1920,\"height\":1080,\"caption\":\"Tercer encuentro sobre Nutrici\u00f3n&Salud. Oto\u00f1o.\"},{\"@type\":\"BreadcrumbList\",\"@id\":\"https:\/\/www.serrats.com\/recetas\/tercer-encuentro-nutricionsalud-otono\/#breadcrumb\",\"itemListElement\":[{\"@type\":\"ListItem\",\"position\":1,\"name\":\"Blog\",\"item\":\"https:\/\/www.serrats.com\/recetas\/\"},{\"@type\":\"ListItem\",\"position\":2,\"name\":\"Nutrici\u00f3n y Salud\",\"item\":\"https:\/\/www.serrats.com\/recetas\/nutricion\/\"},{\"@type\":\"ListItem\",\"position\":3,\"name\":\"Tercer encuentro sobre Nutrici\u00f3n&#038;Salud. Oto\u00f1o.\"}]},{\"@type\":\"WebSite\",\"@id\":\"https:\/\/www.serrats.com\/recetas\/#website\",\"url\":\"https:\/\/www.serrats.com\/recetas\/\",\"name\":\"La Cocina de Serrats\",\"description\":\"\",\"publisher\":{\"@id\":\"https:\/\/www.serrats.com\/recetas\/#organization\"},\"potentialAction\":[{\"@type\":\"SearchAction\",\"target\":{\"@type\":\"EntryPoint\",\"urlTemplate\":\"https:\/\/www.serrats.com\/recetas\/?s={search_term_string}\"},\"query-input\":{\"@type\":\"PropertyValueSpecification\",\"valueRequired\":true,\"valueName\":\"search_term_string\"}}],\"inLanguage\":\"es\"},{\"@type\":\"Organization\",\"@id\":\"https:\/\/www.serrats.com\/recetas\/#organization\",\"name\":\"La Cocina de Serrats\",\"url\":\"https:\/\/www.serrats.com\/recetas\/\",\"logo\":{\"@type\":\"ImageObject\",\"inLanguage\":\"es\",\"@id\":\"https:\/\/www.serrats.com\/recetas\/#\/schema\/logo\/image\/\",\"url\":\"https:\/\/www.serrats.com\/recetas\/wp-content\/uploads\/2023\/08\/serratslogo.svg\",\"contentUrl\":\"https:\/\/www.serrats.com\/recetas\/wp-content\/uploads\/2023\/08\/serratslogo.svg\",\"width\":162,\"height\":72,\"caption\":\"La Cocina de Serrats\"},\"image\":{\"@id\":\"https:\/\/www.serrats.com\/recetas\/#\/schema\/logo\/image\/\"}},{\"@type\":\"Person\",\"@id\":\"https:\/\/www.serrats.com\/recetas\/#\/schema\/person\/e7c6d31fccdda786053f829cd52bfbe8\",\"name\":\"Esperanza\",\"image\":{\"@type\":\"ImageObject\",\"inLanguage\":\"es\",\"@id\":\"https:\/\/www.serrats.com\/recetas\/#\/schema\/person\/image\/\",\"url\":\"https:\/\/secure.gravatar.com\/avatar\/88bd6a2ba5af667cd2d32fe55c2f40c33afa802b8ec957fd1c4552be5e05b421?s=96&d=mm&r=g\",\"contentUrl\":\"https:\/\/secure.gravatar.com\/avatar\/88bd6a2ba5af667cd2d32fe55c2f40c33afa802b8ec957fd1c4552be5e05b421?s=96&d=mm&r=g\",\"caption\":\"Esperanza\"},\"url\":\"https:\/\/www.serrats.com\/recetas\/author\/overalia\/\"}]}<\/script>\n<!-- \/ Yoast SEO plugin. -->","yoast_head_json":{"title":"Tercer encuentro sobre Nutrici\u00f3n&Salud. Oto\u00f1o. - La Cocina de Serrats","description":"\u00a1El 20 de septiembre\u00a0tenemos una nueva cita en\u00a0Instagram Live\u00a0para hablar sobre\u00a0nutrici\u00f3n y salud con la Dra. L\u00f3pez-Oca\u00f1a! \u00a1Te esperamos!","robots":{"index":"index","follow":"follow","max-snippet":"max-snippet:-1","max-image-preview":"max-image-preview:large","max-video-preview":"max-video-preview:-1"},"canonical":"https:\/\/www.serrats.com\/recetas\/tercer-encuentro-nutricionsalud-otono\/","og_locale":"es_ES","og_type":"article","og_title":"Tercer encuentro sobre Nutrici\u00f3n&Salud. Oto\u00f1o. - La Cocina de Serrats","og_description":"\u00a1El 20 de septiembre\u00a0tenemos una nueva cita en\u00a0Instagram Live\u00a0para hablar sobre\u00a0nutrici\u00f3n y salud con la Dra. L\u00f3pez-Oca\u00f1a! \u00a1Te esperamos!","og_url":"https:\/\/www.serrats.com\/recetas\/tercer-encuentro-nutricionsalud-otono\/","og_site_name":"La Cocina de Serrats","article_published_time":"2019-09-16T10:28:53+00:00","article_modified_time":"2019-09-16T10:33:51+00:00","og_image":[{"width":1920,"height":1080,"url":"https:\/\/www.serrats.com\/recetas\/wp-content\/uploads\/2019\/09\/Evento-FB.jpg","type":"image\/jpeg"}],"author":"Esperanza","twitter_card":"summary_large_image","twitter_misc":{"Escrito por":"Esperanza","Tiempo de lectura":"1 minuto"},"schema":{"@context":"https:\/\/schema.org","@graph":[{"@type":"Article","@id":"https:\/\/www.serrats.com\/recetas\/tercer-encuentro-nutricionsalud-otono\/#article","isPartOf":{"@id":"https:\/\/www.serrats.com\/recetas\/tercer-encuentro-nutricionsalud-otono\/"},"author":{"name":"Esperanza","@id":"https:\/\/www.serrats.com\/recetas\/#\/schema\/person\/e7c6d31fccdda786053f829cd52bfbe8"},"headline":"Tercer encuentro sobre Nutrici\u00f3n&#038;Salud. Oto\u00f1o.","datePublished":"2019-09-16T10:28:53+00:00","dateModified":"2019-09-16T10:33:51+00:00","mainEntityOfPage":{"@id":"https:\/\/www.serrats.com\/recetas\/tercer-encuentro-nutricionsalud-otono\/"},"wordCount":272,"commentCount":0,"publisher":{"@id":"https:\/\/www.serrats.com\/recetas\/#organization"},"image":{"@id":"https:\/\/www.serrats.com\/recetas\/tercer-encuentro-nutricionsalud-otono\/#primaryimage"},"thumbnailUrl":"https:\/\/www.serrats.com\/recetas\/wp-content\/uploads\/2019\/09\/Evento-FB.jpg","articleSection":["Nutrici\u00f3n y Salud"],"inLanguage":"es","potentialAction":[{"@type":"CommentAction","name":"Comment","target":["https:\/\/www.serrats.com\/recetas\/tercer-encuentro-nutricionsalud-otono\/#respond"]}]},{"@type":"WebPage","@id":"https:\/\/www.serrats.com\/recetas\/tercer-encuentro-nutricionsalud-otono\/","url":"https:\/\/www.serrats.com\/recetas\/tercer-encuentro-nutricionsalud-otono\/","name":"Tercer encuentro sobre Nutrici\u00f3n&Salud. Oto\u00f1o. - La Cocina de Serrats","isPartOf":{"@id":"https:\/\/www.serrats.com\/recetas\/#website"},"primaryImageOfPage":{"@id":"https:\/\/www.serrats.com\/recetas\/tercer-encuentro-nutricionsalud-otono\/#primaryimage"},"image":{"@id":"https:\/\/www.serrats.com\/recetas\/tercer-encuentro-nutricionsalud-otono\/#primaryimage"},"thumbnailUrl":"https:\/\/www.serrats.com\/recetas\/wp-content\/uploads\/2019\/09\/Evento-FB.jpg","datePublished":"2019-09-16T10:28:53+00:00","dateModified":"2019-09-16T10:33:51+00:00","description":"\u00a1El 20 de septiembre\u00a0tenemos una nueva cita en\u00a0Instagram Live\u00a0para hablar sobre\u00a0nutrici\u00f3n y salud con la Dra. L\u00f3pez-Oca\u00f1a! \u00a1Te esperamos!","breadcrumb":{"@id":"https:\/\/www.serrats.com\/recetas\/tercer-encuentro-nutricionsalud-otono\/#breadcrumb"},"inLanguage":"es","potentialAction":[{"@type":"ReadAction","target":["https:\/\/www.serrats.com\/recetas\/tercer-encuentro-nutricionsalud-otono\/"]}]},{"@type":"ImageObject","inLanguage":"es","@id":"https:\/\/www.serrats.com\/recetas\/tercer-encuentro-nutricionsalud-otono\/#primaryimage","url":"https:\/\/www.serrats.com\/recetas\/wp-content\/uploads\/2019\/09\/Evento-FB.jpg","contentUrl":"https:\/\/www.serrats.com\/recetas\/wp-content\/uploads\/2019\/09\/Evento-FB.jpg","width":1920,"height":1080,"caption":"Tercer encuentro sobre Nutrici\u00f3n&Salud. Oto\u00f1o."},{"@type":"BreadcrumbList","@id":"https:\/\/www.serrats.com\/recetas\/tercer-encuentro-nutricionsalud-otono\/#breadcrumb","itemListElement":[{"@type":"ListItem","position":1,"name":"Blog","item":"https:\/\/www.serrats.com\/recetas\/"},{"@type":"ListItem","position":2,"name":"Nutrici\u00f3n y Salud","item":"https:\/\/www.serrats.com\/recetas\/nutricion\/"},{"@type":"ListItem","position":3,"name":"Tercer encuentro sobre Nutrici\u00f3n&#038;Salud. Oto\u00f1o."}]},{"@type":"WebSite","@id":"https:\/\/www.serrats.com\/recetas\/#website","url":"https:\/\/www.serrats.com\/recetas\/","name":"La Cocina de Serrats","description":"","publisher":{"@id":"https:\/\/www.serrats.com\/recetas\/#organization"},"potentialAction":[{"@type":"SearchAction","target":{"@type":"EntryPoint","urlTemplate":"https:\/\/www.serrats.com\/recetas\/?s={search_term_string}"},"query-input":{"@type":"PropertyValueSpecification","valueRequired":true,"valueName":"search_term_string"}}],"inLanguage":"es"},{"@type":"Organization","@id":"https:\/\/www.serrats.com\/recetas\/#organization","name":"La Cocina de Serrats","url":"https:\/\/www.serrats.com\/recetas\/","logo":{"@type":"ImageObject","inLanguage":"es","@id":"https:\/\/www.serrats.com\/recetas\/#\/schema\/logo\/image\/","url":"https:\/\/www.serrats.com\/recetas\/wp-content\/uploads\/2023\/08\/serratslogo.svg","contentUrl":"https:\/\/www.serrats.com\/recetas\/wp-content\/uploads\/2023\/08\/serratslogo.svg","width":162,"height":72,"caption":"La Cocina de Serrats"},"image":{"@id":"https:\/\/www.serrats.com\/recetas\/#\/schema\/logo\/image\/"}},{"@type":"Person","@id":"https:\/\/www.serrats.com\/recetas\/#\/schema\/person\/e7c6d31fccdda786053f829cd52bfbe8","name":"Esperanza","image":{"@type":"ImageObject","inLanguage":"es","@id":"https:\/\/www.serrats.com\/recetas\/#\/schema\/person\/image\/","url":"https:\/\/secure.gravatar.com\/avatar\/88bd6a2ba5af667cd2d32fe55c2f40c33afa802b8ec957fd1c4552be5e05b421?s=96&d=mm&r=g","contentUrl":"https:\/\/secure.gravatar.com\/avatar\/88bd6a2ba5af667cd2d32fe55c2f40c33afa802b8ec957fd1c4552be5e05b421?s=96&d=mm&r=g","caption":"Esperanza"},"url":"https:\/\/www.serrats.com\/recetas\/author\/overalia\/"}]}},"_links":{"self":[{"href":"https:\/\/www.serrats.com\/recetas\/wp-json\/wp\/v2\/posts\/18337","targetHints":{"allow":["GET"]}}],"collection":[{"href":"https:\/\/www.serrats.com\/recetas\/wp-json\/wp\/v2\/posts"}],"about":[{"href":"https:\/\/www.serrats.com\/recetas\/wp-json\/wp\/v2\/types\/post"}],"author":[{"embeddable":true,"href":"https:\/\/www.serrats.com\/recetas\/wp-json\/wp\/v2\/users\/18"}],"replies":[{"embeddable":true,"href":"https:\/\/www.serrats.com\/recetas\/wp-json\/wp\/v2\/comments?post=18337"}],"version-history":[{"count":6,"href":"https:\/\/www.serrats.com\/recetas\/wp-json\/wp\/v2\/posts\/18337\/revisions"}],"predecessor-version":[{"id":18344,"href":"https:\/\/www.serrats.com\/recetas\/wp-json\/wp\/v2\/posts\/18337\/revisions\/18344"}],"wp:featuredmedia":[{"embeddable":true,"href":"https:\/\/www.serrats.com\/recetas\/wp-json\/wp\/v2\/media\/18338"}],"wp:attachment":[{"href":"https:\/\/www.serrats.com\/recetas\/wp-json\/wp\/v2\/media?parent=18337"}],"wp:term":[{"taxonomy":"category","embeddable":true,"href":"https:\/\/www.serrats.com\/recetas\/wp-json\/wp\/v2\/categories?post=18337"},{"taxonomy":"post_tag","embeddable":true,"href":"https:\/\/www.serrats.com\/recetas\/wp-json\/wp\/v2\/tags?post=18337"}],"curies":[{"name":"wp","href":"https:\/\/api.w.org\/{rel}","templated":true}]}}