{"id":18596,"date":"2019-12-30T10:57:41","date_gmt":"2019-12-30T09:57:41","guid":{"rendered":"http:\/\/serrats.com\/recetas\/?p=18596"},"modified":"2024-12-05T15:13:47","modified_gmt":"2024-12-05T14:13:47","slug":"nidos-hojaldre-mar-montana","status":"publish","type":"post","link":"https:\/\/www.serrats.com\/recetas\/nidos-hojaldre-mar-montana\/","title":{"rendered":"Nidos de hojaldre rellenos de mar y monta\u00f1a"},"content":{"rendered":"","protected":false},"excerpt":{"rendered":"","protected":false},"author":18,"featured_media":18598,"comment_status":"open","ping_status":"open","sticky":false,"template":"","format":"standard","meta":{"_acf_changed":false,"footnotes":""},"categories":[882,873,861],"tags":[1760,25,3476,3020],"class_list":["post-18596","post","type-post","status-publish","format-standard","has-post-thumbnail","hentry","category-anchoas","category-aperitivos","category-recetas-navidenas","tag-cebolla-caramelizada","tag-hojaldre","tag-nuevas","tag-queso-cabrales","ingredients-anchoas-del-cantabrico-en-aceite-de-oliva","ingredients-cebolla-caramelizada","ingredients-hojaldre","ingredients-huevo","ingredients-queso-cabrales","ingredients-tomillo"],"acf":[],"yoast_head":"<!-- This site is optimized with the Yoast SEO plugin v25.6 - https:\/\/yoast.com\/wordpress\/plugins\/seo\/ -->\n<title>Nidos de hojaldre rellenos de mar y monta\u00f1a - La Cocina de Serrats<\/title>\n<meta name=\"description\" content=\"No te pierdas el \u00faltimo canap\u00e9 navide\u00f1o del a\u00f1o. Unos nidos de hojaldre rellenos de mar y monta\u00f1a. \u00a1Descubre los contrastes de esta receta!\" \/>\n<meta name=\"robots\" content=\"index, follow, max-snippet:-1, max-image-preview:large, max-video-preview:-1\" \/>\n<link rel=\"canonical\" href=\"https:\/\/www.serrats.com\/recetas\/nidos-hojaldre-mar-montana\/\" \/>\n<meta property=\"og:locale\" content=\"es_ES\" \/>\n<meta property=\"og:type\" content=\"article\" \/>\n<meta property=\"og:title\" content=\"Nidos de hojaldre rellenos de mar y monta\u00f1a - La Cocina de Serrats\" \/>\n<meta property=\"og:description\" content=\"No te pierdas el \u00faltimo canap\u00e9 navide\u00f1o del a\u00f1o. Unos nidos de hojaldre rellenos de mar y monta\u00f1a. \u00a1Descubre los contrastes de esta receta!\" \/>\n<meta property=\"og:url\" content=\"https:\/\/www.serrats.com\/recetas\/nidos-hojaldre-mar-montana\/\" \/>\n<meta property=\"og:site_name\" content=\"La Cocina de Serrats\" \/>\n<meta property=\"article:published_time\" content=\"2019-12-30T09:57:41+00:00\" \/>\n<meta property=\"article:modified_time\" content=\"2024-12-05T14:13:47+00:00\" \/>\n<meta property=\"og:image\" content=\"https:\/\/www.serrats.com\/recetas\/wp-content\/uploads\/2019\/12\/nidos-hojaldre-rellenos-mar.jpg\" \/>\n\t<meta property=\"og:image:width\" content=\"1200\" \/>\n\t<meta property=\"og:image:height\" content=\"1800\" \/>\n\t<meta property=\"og:image:type\" content=\"image\/jpeg\" \/>\n<meta name=\"author\" content=\"Esperanza\" \/>\n<meta name=\"twitter:card\" content=\"summary_large_image\" \/>\n<meta name=\"twitter:label1\" content=\"Escrito por\" \/>\n\t<meta name=\"twitter:data1\" content=\"Esperanza\" \/>\n\t<meta name=\"twitter:label2\" content=\"Tiempo de lectura\" \/>\n\t<meta name=\"twitter:data2\" content=\"1 minuto\" \/>\n<script type=\"application\/ld+json\" class=\"yoast-schema-graph\">{\"@context\":\"https:\/\/schema.org\",\"@graph\":[{\"@type\":\"Article\",\"@id\":\"https:\/\/www.serrats.com\/recetas\/nidos-hojaldre-mar-montana\/#article\",\"isPartOf\":{\"@id\":\"https:\/\/www.serrats.com\/recetas\/nidos-hojaldre-mar-montana\/\"},\"author\":{\"name\":\"Esperanza\",\"@id\":\"https:\/\/www.serrats.com\/recetas\/#\/schema\/person\/e7c6d31fccdda786053f829cd52bfbe8\"},\"headline\":\"Nidos de hojaldre rellenos de mar y monta\u00f1a\",\"datePublished\":\"2019-12-30T09:57:41+00:00\",\"dateModified\":\"2024-12-05T14:13:47+00:00\",\"mainEntityOfPage\":{\"@id\":\"https:\/\/www.serrats.com\/recetas\/nidos-hojaldre-mar-montana\/\"},\"wordCount\":9,\"commentCount\":1,\"publisher\":{\"@id\":\"https:\/\/www.serrats.com\/recetas\/#organization\"},\"image\":{\"@id\":\"https:\/\/www.serrats.com\/recetas\/nidos-hojaldre-mar-montana\/#primaryimage\"},\"thumbnailUrl\":\"https:\/\/www.serrats.com\/recetas\/wp-content\/uploads\/2019\/12\/nidos-hojaldre-rellenos-mar.jpg\",\"keywords\":[\"cebolla caramelizada\",\"hojaldre\",\"nuevas\",\"queso cabrales\"],\"articleSection\":[\"Aperitivos con Anchoas\",\"Recetas de aperitivos\",\"Recetas Navide\u00f1as\"],\"inLanguage\":\"es\",\"potentialAction\":[{\"@type\":\"CommentAction\",\"name\":\"Comment\",\"target\":[\"https:\/\/www.serrats.com\/recetas\/nidos-hojaldre-mar-montana\/#respond\"]}]},{\"@type\":\"WebPage\",\"@id\":\"https:\/\/www.serrats.com\/recetas\/nidos-hojaldre-mar-montana\/\",\"url\":\"https:\/\/www.serrats.com\/recetas\/nidos-hojaldre-mar-montana\/\",\"name\":\"Nidos de hojaldre rellenos de mar y monta\u00f1a - La Cocina de Serrats\",\"isPartOf\":{\"@id\":\"https:\/\/www.serrats.com\/recetas\/#website\"},\"primaryImageOfPage\":{\"@id\":\"https:\/\/www.serrats.com\/recetas\/nidos-hojaldre-mar-montana\/#primaryimage\"},\"image\":{\"@id\":\"https:\/\/www.serrats.com\/recetas\/nidos-hojaldre-mar-montana\/#primaryimage\"},\"thumbnailUrl\":\"https:\/\/www.serrats.com\/recetas\/wp-content\/uploads\/2019\/12\/nidos-hojaldre-rellenos-mar.jpg\",\"datePublished\":\"2019-12-30T09:57:41+00:00\",\"dateModified\":\"2024-12-05T14:13:47+00:00\",\"description\":\"No te pierdas el \u00faltimo canap\u00e9 navide\u00f1o del a\u00f1o. Unos nidos de hojaldre rellenos de mar y monta\u00f1a. \u00a1Descubre los contrastes de esta receta!\",\"breadcrumb\":{\"@id\":\"https:\/\/www.serrats.com\/recetas\/nidos-hojaldre-mar-montana\/#breadcrumb\"},\"inLanguage\":\"es\",\"potentialAction\":[{\"@type\":\"ReadAction\",\"target\":[\"https:\/\/www.serrats.com\/recetas\/nidos-hojaldre-mar-montana\/\"]}]},{\"@type\":\"ImageObject\",\"inLanguage\":\"es\",\"@id\":\"https:\/\/www.serrats.com\/recetas\/nidos-hojaldre-mar-montana\/#primaryimage\",\"url\":\"https:\/\/www.serrats.com\/recetas\/wp-content\/uploads\/2019\/12\/nidos-hojaldre-rellenos-mar.jpg\",\"contentUrl\":\"https:\/\/www.serrats.com\/recetas\/wp-content\/uploads\/2019\/12\/nidos-hojaldre-rellenos-mar.jpg\",\"width\":1200,\"height\":1800,\"caption\":\"Nidos de hojaldre rellenos de mar y monta\u00f1a\"},{\"@type\":\"BreadcrumbList\",\"@id\":\"https:\/\/www.serrats.com\/recetas\/nidos-hojaldre-mar-montana\/#breadcrumb\",\"itemListElement\":[{\"@type\":\"ListItem\",\"position\":1,\"name\":\"Blog\",\"item\":\"https:\/\/www.serrats.com\/recetas\/\"},{\"@type\":\"ListItem\",\"position\":2,\"name\":\"Recetas Navide\u00f1as\",\"item\":\"https:\/\/www.serrats.com\/recetas\/recetas-navidenas\/\"},{\"@type\":\"ListItem\",\"position\":3,\"name\":\"Nidos de hojaldre rellenos de mar y monta\u00f1a\"}]},{\"@type\":\"WebSite\",\"@id\":\"https:\/\/www.serrats.com\/recetas\/#website\",\"url\":\"https:\/\/www.serrats.com\/recetas\/\",\"name\":\"La Cocina de Serrats\",\"description\":\"\",\"publisher\":{\"@id\":\"https:\/\/www.serrats.com\/recetas\/#organization\"},\"potentialAction\":[{\"@type\":\"SearchAction\",\"target\":{\"@type\":\"EntryPoint\",\"urlTemplate\":\"https:\/\/www.serrats.com\/recetas\/?s={search_term_string}\"},\"query-input\":{\"@type\":\"PropertyValueSpecification\",\"valueRequired\":true,\"valueName\":\"search_term_string\"}}],\"inLanguage\":\"es\"},{\"@type\":\"Organization\",\"@id\":\"https:\/\/www.serrats.com\/recetas\/#organization\",\"name\":\"La Cocina de Serrats\",\"url\":\"https:\/\/www.serrats.com\/recetas\/\",\"logo\":{\"@type\":\"ImageObject\",\"inLanguage\":\"es\",\"@id\":\"https:\/\/www.serrats.com\/recetas\/#\/schema\/logo\/image\/\",\"url\":\"https:\/\/www.serrats.com\/recetas\/wp-content\/uploads\/2023\/08\/serratslogo.svg\",\"contentUrl\":\"https:\/\/www.serrats.com\/recetas\/wp-content\/uploads\/2023\/08\/serratslogo.svg\",\"width\":162,\"height\":72,\"caption\":\"La Cocina de Serrats\"},\"image\":{\"@id\":\"https:\/\/www.serrats.com\/recetas\/#\/schema\/logo\/image\/\"}},{\"@type\":\"Person\",\"@id\":\"https:\/\/www.serrats.com\/recetas\/#\/schema\/person\/e7c6d31fccdda786053f829cd52bfbe8\",\"name\":\"Esperanza\",\"image\":{\"@type\":\"ImageObject\",\"inLanguage\":\"es\",\"@id\":\"https:\/\/www.serrats.com\/recetas\/#\/schema\/person\/image\/\",\"url\":\"https:\/\/secure.gravatar.com\/avatar\/88bd6a2ba5af667cd2d32fe55c2f40c33afa802b8ec957fd1c4552be5e05b421?s=96&d=mm&r=g\",\"contentUrl\":\"https:\/\/secure.gravatar.com\/avatar\/88bd6a2ba5af667cd2d32fe55c2f40c33afa802b8ec957fd1c4552be5e05b421?s=96&d=mm&r=g\",\"caption\":\"Esperanza\"},\"url\":\"https:\/\/www.serrats.com\/recetas\/author\/overalia\/\"}]}<\/script>\n<!-- \/ Yoast SEO plugin. -->","yoast_head_json":{"title":"Nidos de hojaldre rellenos de mar y monta\u00f1a - La Cocina de Serrats","description":"No te pierdas el \u00faltimo canap\u00e9 navide\u00f1o del a\u00f1o. Unos nidos de hojaldre rellenos de mar y monta\u00f1a. \u00a1Descubre los contrastes de esta receta!","robots":{"index":"index","follow":"follow","max-snippet":"max-snippet:-1","max-image-preview":"max-image-preview:large","max-video-preview":"max-video-preview:-1"},"canonical":"https:\/\/www.serrats.com\/recetas\/nidos-hojaldre-mar-montana\/","og_locale":"es_ES","og_type":"article","og_title":"Nidos de hojaldre rellenos de mar y monta\u00f1a - La Cocina de Serrats","og_description":"No te pierdas el \u00faltimo canap\u00e9 navide\u00f1o del a\u00f1o. Unos nidos de hojaldre rellenos de mar y monta\u00f1a. \u00a1Descubre los contrastes de esta receta!","og_url":"https:\/\/www.serrats.com\/recetas\/nidos-hojaldre-mar-montana\/","og_site_name":"La Cocina de Serrats","article_published_time":"2019-12-30T09:57:41+00:00","article_modified_time":"2024-12-05T14:13:47+00:00","og_image":[{"width":1200,"height":1800,"url":"https:\/\/www.serrats.com\/recetas\/wp-content\/uploads\/2019\/12\/nidos-hojaldre-rellenos-mar.jpg","type":"image\/jpeg"}],"author":"Esperanza","twitter_card":"summary_large_image","twitter_misc":{"Escrito por":"Esperanza","Tiempo de lectura":"1 minuto"},"schema":{"@context":"https:\/\/schema.org","@graph":[{"@type":"Article","@id":"https:\/\/www.serrats.com\/recetas\/nidos-hojaldre-mar-montana\/#article","isPartOf":{"@id":"https:\/\/www.serrats.com\/recetas\/nidos-hojaldre-mar-montana\/"},"author":{"name":"Esperanza","@id":"https:\/\/www.serrats.com\/recetas\/#\/schema\/person\/e7c6d31fccdda786053f829cd52bfbe8"},"headline":"Nidos de hojaldre rellenos de mar y monta\u00f1a","datePublished":"2019-12-30T09:57:41+00:00","dateModified":"2024-12-05T14:13:47+00:00","mainEntityOfPage":{"@id":"https:\/\/www.serrats.com\/recetas\/nidos-hojaldre-mar-montana\/"},"wordCount":9,"commentCount":1,"publisher":{"@id":"https:\/\/www.serrats.com\/recetas\/#organization"},"image":{"@id":"https:\/\/www.serrats.com\/recetas\/nidos-hojaldre-mar-montana\/#primaryimage"},"thumbnailUrl":"https:\/\/www.serrats.com\/recetas\/wp-content\/uploads\/2019\/12\/nidos-hojaldre-rellenos-mar.jpg","keywords":["cebolla caramelizada","hojaldre","nuevas","queso cabrales"],"articleSection":["Aperitivos con Anchoas","Recetas de aperitivos","Recetas Navide\u00f1as"],"inLanguage":"es","potentialAction":[{"@type":"CommentAction","name":"Comment","target":["https:\/\/www.serrats.com\/recetas\/nidos-hojaldre-mar-montana\/#respond"]}]},{"@type":"WebPage","@id":"https:\/\/www.serrats.com\/recetas\/nidos-hojaldre-mar-montana\/","url":"https:\/\/www.serrats.com\/recetas\/nidos-hojaldre-mar-montana\/","name":"Nidos de hojaldre rellenos de mar y monta\u00f1a - La Cocina de Serrats","isPartOf":{"@id":"https:\/\/www.serrats.com\/recetas\/#website"},"primaryImageOfPage":{"@id":"https:\/\/www.serrats.com\/recetas\/nidos-hojaldre-mar-montana\/#primaryimage"},"image":{"@id":"https:\/\/www.serrats.com\/recetas\/nidos-hojaldre-mar-montana\/#primaryimage"},"thumbnailUrl":"https:\/\/www.serrats.com\/recetas\/wp-content\/uploads\/2019\/12\/nidos-hojaldre-rellenos-mar.jpg","datePublished":"2019-12-30T09:57:41+00:00","dateModified":"2024-12-05T14:13:47+00:00","description":"No te pierdas el \u00faltimo canap\u00e9 navide\u00f1o del a\u00f1o. Unos nidos de hojaldre rellenos de mar y monta\u00f1a. \u00a1Descubre los contrastes de esta receta!","breadcrumb":{"@id":"https:\/\/www.serrats.com\/recetas\/nidos-hojaldre-mar-montana\/#breadcrumb"},"inLanguage":"es","potentialAction":[{"@type":"ReadAction","target":["https:\/\/www.serrats.com\/recetas\/nidos-hojaldre-mar-montana\/"]}]},{"@type":"ImageObject","inLanguage":"es","@id":"https:\/\/www.serrats.com\/recetas\/nidos-hojaldre-mar-montana\/#primaryimage","url":"https:\/\/www.serrats.com\/recetas\/wp-content\/uploads\/2019\/12\/nidos-hojaldre-rellenos-mar.jpg","contentUrl":"https:\/\/www.serrats.com\/recetas\/wp-content\/uploads\/2019\/12\/nidos-hojaldre-rellenos-mar.jpg","width":1200,"height":1800,"caption":"Nidos de hojaldre rellenos de mar y monta\u00f1a"},{"@type":"BreadcrumbList","@id":"https:\/\/www.serrats.com\/recetas\/nidos-hojaldre-mar-montana\/#breadcrumb","itemListElement":[{"@type":"ListItem","position":1,"name":"Blog","item":"https:\/\/www.serrats.com\/recetas\/"},{"@type":"ListItem","position":2,"name":"Recetas Navide\u00f1as","item":"https:\/\/www.serrats.com\/recetas\/recetas-navidenas\/"},{"@type":"ListItem","position":3,"name":"Nidos de hojaldre rellenos de mar y monta\u00f1a"}]},{"@type":"WebSite","@id":"https:\/\/www.serrats.com\/recetas\/#website","url":"https:\/\/www.serrats.com\/recetas\/","name":"La Cocina de Serrats","description":"","publisher":{"@id":"https:\/\/www.serrats.com\/recetas\/#organization"},"potentialAction":[{"@type":"SearchAction","target":{"@type":"EntryPoint","urlTemplate":"https:\/\/www.serrats.com\/recetas\/?s={search_term_string}"},"query-input":{"@type":"PropertyValueSpecification","valueRequired":true,"valueName":"search_term_string"}}],"inLanguage":"es"},{"@type":"Organization","@id":"https:\/\/www.serrats.com\/recetas\/#organization","name":"La Cocina de Serrats","url":"https:\/\/www.serrats.com\/recetas\/","logo":{"@type":"ImageObject","inLanguage":"es","@id":"https:\/\/www.serrats.com\/recetas\/#\/schema\/logo\/image\/","url":"https:\/\/www.serrats.com\/recetas\/wp-content\/uploads\/2023\/08\/serratslogo.svg","contentUrl":"https:\/\/www.serrats.com\/recetas\/wp-content\/uploads\/2023\/08\/serratslogo.svg","width":162,"height":72,"caption":"La Cocina de Serrats"},"image":{"@id":"https:\/\/www.serrats.com\/recetas\/#\/schema\/logo\/image\/"}},{"@type":"Person","@id":"https:\/\/www.serrats.com\/recetas\/#\/schema\/person\/e7c6d31fccdda786053f829cd52bfbe8","name":"Esperanza","image":{"@type":"ImageObject","inLanguage":"es","@id":"https:\/\/www.serrats.com\/recetas\/#\/schema\/person\/image\/","url":"https:\/\/secure.gravatar.com\/avatar\/88bd6a2ba5af667cd2d32fe55c2f40c33afa802b8ec957fd1c4552be5e05b421?s=96&d=mm&r=g","contentUrl":"https:\/\/secure.gravatar.com\/avatar\/88bd6a2ba5af667cd2d32fe55c2f40c33afa802b8ec957fd1c4552be5e05b421?s=96&d=mm&r=g","caption":"Esperanza"},"url":"https:\/\/www.serrats.com\/recetas\/author\/overalia\/"}]}},"_links":{"self":[{"href":"https:\/\/www.serrats.com\/recetas\/wp-json\/wp\/v2\/posts\/18596","targetHints":{"allow":["GET"]}}],"collection":[{"href":"https:\/\/www.serrats.com\/recetas\/wp-json\/wp\/v2\/posts"}],"about":[{"href":"https:\/\/www.serrats.com\/recetas\/wp-json\/wp\/v2\/types\/post"}],"author":[{"embeddable":true,"href":"https:\/\/www.serrats.com\/recetas\/wp-json\/wp\/v2\/users\/18"}],"replies":[{"embeddable":true,"href":"https:\/\/www.serrats.com\/recetas\/wp-json\/wp\/v2\/comments?post=18596"}],"version-history":[{"count":4,"href":"https:\/\/www.serrats.com\/recetas\/wp-json\/wp\/v2\/posts\/18596\/revisions"}],"predecessor-version":[{"id":24326,"href":"https:\/\/www.serrats.com\/recetas\/wp-json\/wp\/v2\/posts\/18596\/revisions\/24326"}],"wp:featuredmedia":[{"embeddable":true,"href":"https:\/\/www.serrats.com\/recetas\/wp-json\/wp\/v2\/media\/18598"}],"wp:attachment":[{"href":"https:\/\/www.serrats.com\/recetas\/wp-json\/wp\/v2\/media?parent=18596"}],"wp:term":[{"taxonomy":"category","embeddable":true,"href":"https:\/\/www.serrats.com\/recetas\/wp-json\/wp\/v2\/categories?post=18596"},{"taxonomy":"post_tag","embeddable":true,"href":"https:\/\/www.serrats.com\/recetas\/wp-json\/wp\/v2\/tags?post=18596"}],"curies":[{"name":"wp","href":"https:\/\/api.w.org\/{rel}","templated":true}]}}