{"id":20303,"date":"2021-10-01T11:07:51","date_gmt":"2021-10-01T09:07:51","guid":{"rendered":"https:\/\/serrats.com\/recetas\/?p=20303"},"modified":"2021-10-01T11:07:53","modified_gmt":"2021-10-01T09:07:53","slug":"ensalada-xato","status":"publish","type":"post","link":"https:\/\/www.serrats.com\/recetas\/ensalada-xato\/","title":{"rendered":"Ensalada Xat\u00f3"},"content":{"rendered":"\n<h2 class=\"wp-block-heading\">Productos destacados<\/h2>\n\n\n\n<p>Si te ha gustado la receta, puedes prepararla en casa con:<\/p>\n\n\n\n<div class=\"wp-block-image\"><figure class=\"alignleft\"><img fetchpriority=\"high\" decoding=\"async\" width=\"290\" height=\"290\" src=\"https:\/\/serrats.com\/recetas\/wp-content\/uploads\/anchoas-cantabrico-lata-pequena.png\" alt=\"Anchoas del Cant\u00e1brico en aceite de oliva\" class=\"wp-image-11664\" srcset=\"https:\/\/www.serrats.com\/recetas\/wp-content\/uploads\/anchoas-cantabrico-lata-pequena.png 290w, https:\/\/www.serrats.com\/recetas\/wp-content\/uploads\/anchoas-cantabrico-lata-pequena-150x150.png 150w\" sizes=\"(max-width: 290px) 100vw, 290px\" \/><\/figure><\/div>\n\n\n\n<h3 class=\"wp-block-heading\">Anchoas del Cant\u00e1brico&nbsp;en aceite de oliva. Lata&nbsp;de 50&nbsp;g<\/h3>\n\n\n\n<p>Filetes de Anchoas del Cant\u00e1brico, cuidadosamente seleccionadas por conservas Serrats, cubiertos con aceite de oliva.<\/p>\n\n\n<p>[button url=\u00bbhttps:\/\/www.serrats.com\/es\/anchoa-aceite-lata-50g-12u\u00bb color=\u00bbcolor\u00bb customcolor=\u00bb\u00bb iconcolor=\u00bbwhite\u00bb target=\u00bb_blank\u00bb custom_class=\u00bb\u00bb ]Comprar[\/button]<\/p>\n\n\n\n<p><\/p>\n\n\n\n<p><\/p>\n\n\n\n<p><\/p>\n\n\n\n<p><\/p>\n\n\n\n<p><\/p>\n\n\n\n<div class=\"wp-block-image\"><figure class=\"alignleft\"><img decoding=\"async\" width=\"290\" height=\"290\" src=\"https:\/\/serrats.com\/recetas\/wp-content\/uploads\/RT212_Atun_Claro_Oliva_Serrats.jpg\" alt=\"Lomos de At\u00fan Claro en aceite de oliva\" class=\"wp-image-13863\" srcset=\"https:\/\/www.serrats.com\/recetas\/wp-content\/uploads\/RT212_Atun_Claro_Oliva_Serrats.jpg 290w, https:\/\/www.serrats.com\/recetas\/wp-content\/uploads\/RT212_Atun_Claro_Oliva_Serrats-150x150.jpg 150w\" sizes=\"(max-width: 290px) 100vw, 290px\" \/><\/figure><\/div>\n\n\n\n<h3 class=\"wp-block-heading\">At\u00fan claro en aceite de oliva. Frasco de 212 g<\/h3>\n\n\n\n<p>Lomos de At\u00fan Claro, cuidadosamente seleccionados por Conservas Serrats, cubiertos con aceite de oliva.<\/p>\n\n\n<p>[button url=\u00bbhttps:\/\/www.serrats.com\/es\/lomos-atun-frasco-212g\u00bb color=\u00bbcolor\u00bb customcolor=\u00bb\u00bb iconcolor=\u00bbwhite\u00bb target=\u00bb_blank\u00bb custom_class=\u00bb\u00bb ]Comprar[\/button]<\/p>\n\n\n\n<p><\/p>\n","protected":false},"excerpt":{"rendered":"<p>Productos destacados Si te ha gustado la receta, puedes prepararla en casa con: Anchoas del Cant\u00e1brico&nbsp;en aceite de oliva. Lata&nbsp;de 50&nbsp;g Filetes de Anchoas del Cant\u00e1brico, cuidadosamente seleccionadas por conservas Serrats, cubiertos con aceite de oliva. At\u00fan claro en aceite de oliva. Frasco de 212 g Lomos de At\u00fan Claro, cuidadosamente seleccionados por Conservas Serrats, [&hellip;]<\/p>\n","protected":false},"author":18,"featured_media":20305,"comment_status":"open","ping_status":"open","sticky":false,"template":"","format":"standard","meta":{"_acf_changed":false,"footnotes":""},"categories":[11],"tags":[3476],"class_list":["post-20303","post","type-post","status-publish","format-standard","has-post-thumbnail","hentry","category-noticias-y-curiosidades","tag-nuevas","ingredients-aceite","ingredients-anchoas-del-cantabrico","ingredients-atun-claro-en-aceite-de-oliva","ingredients-bacalao-desalado","ingredients-escarola","ingredients-olivas-negras","ingredients-sal","ingredients-salsa-romesco","ingredients-tomate-deshidratado-en-aceite-con-oregano"],"acf":[],"yoast_head":"<!-- This site is optimized with the Yoast SEO plugin v25.6 - https:\/\/yoast.com\/wordpress\/plugins\/seo\/ -->\n<title>Ensalada Xat\u00f3 - La Cocina de Serrats<\/title>\n<meta name=\"description\" content=\"Esta ensalada Xat\u00f3 es una deliciosa fusi\u00f3n entre la cocina mediterr\u00e1nea y nuestras conservas del cant\u00e1brico. \u00a1Pru\u00e9bala!\" \/>\n<meta name=\"robots\" content=\"index, follow, max-snippet:-1, max-image-preview:large, max-video-preview:-1\" \/>\n<link rel=\"canonical\" href=\"https:\/\/www.serrats.com\/recetas\/ensalada-xato\/\" \/>\n<meta property=\"og:locale\" content=\"es_ES\" \/>\n<meta property=\"og:type\" content=\"article\" \/>\n<meta property=\"og:title\" content=\"Ensalada Xat\u00f3 - La Cocina de Serrats\" \/>\n<meta property=\"og:description\" content=\"Esta ensalada Xat\u00f3 es una deliciosa fusi\u00f3n entre la cocina mediterr\u00e1nea y nuestras conservas del cant\u00e1brico. \u00a1Pru\u00e9bala!\" \/>\n<meta property=\"og:url\" content=\"https:\/\/www.serrats.com\/recetas\/ensalada-xato\/\" \/>\n<meta property=\"og:site_name\" content=\"La Cocina de Serrats\" \/>\n<meta property=\"article:published_time\" content=\"2021-10-01T09:07:51+00:00\" \/>\n<meta property=\"article:modified_time\" content=\"2021-10-01T09:07:53+00:00\" \/>\n<meta property=\"og:image\" content=\"https:\/\/www.serrats.com\/recetas\/wp-content\/uploads\/2021\/10\/ensalada-xato.jpg\" \/>\n\t<meta property=\"og:image:width\" content=\"1920\" \/>\n\t<meta property=\"og:image:height\" content=\"933\" \/>\n\t<meta property=\"og:image:type\" content=\"image\/jpeg\" \/>\n<meta name=\"author\" content=\"Esperanza\" \/>\n<meta name=\"twitter:card\" content=\"summary_large_image\" \/>\n<meta name=\"twitter:label1\" content=\"Escrito por\" \/>\n\t<meta name=\"twitter:data1\" content=\"Esperanza\" \/>\n\t<meta name=\"twitter:label2\" content=\"Tiempo de lectura\" \/>\n\t<meta name=\"twitter:data2\" content=\"1 minuto\" \/>\n<script type=\"application\/ld+json\" class=\"yoast-schema-graph\">{\"@context\":\"https:\/\/schema.org\",\"@graph\":[{\"@type\":\"Article\",\"@id\":\"https:\/\/www.serrats.com\/recetas\/ensalada-xato\/#article\",\"isPartOf\":{\"@id\":\"https:\/\/www.serrats.com\/recetas\/ensalada-xato\/\"},\"author\":{\"name\":\"Esperanza\",\"@id\":\"https:\/\/www.serrats.com\/recetas\/#\/schema\/person\/e7c6d31fccdda786053f829cd52bfbe8\"},\"headline\":\"Ensalada Xat\u00f3\",\"datePublished\":\"2021-10-01T09:07:51+00:00\",\"dateModified\":\"2021-10-01T09:07:53+00:00\",\"mainEntityOfPage\":{\"@id\":\"https:\/\/www.serrats.com\/recetas\/ensalada-xato\/\"},\"wordCount\":111,\"commentCount\":0,\"publisher\":{\"@id\":\"https:\/\/www.serrats.com\/recetas\/#organization\"},\"image\":{\"@id\":\"https:\/\/www.serrats.com\/recetas\/ensalada-xato\/#primaryimage\"},\"thumbnailUrl\":\"https:\/\/www.serrats.com\/recetas\/wp-content\/uploads\/2021\/10\/ensalada-xato.jpg\",\"keywords\":[\"nuevas\"],\"articleSection\":[\"Noticias y curiosidades\"],\"inLanguage\":\"es\",\"potentialAction\":[{\"@type\":\"CommentAction\",\"name\":\"Comment\",\"target\":[\"https:\/\/www.serrats.com\/recetas\/ensalada-xato\/#respond\"]}]},{\"@type\":\"WebPage\",\"@id\":\"https:\/\/www.serrats.com\/recetas\/ensalada-xato\/\",\"url\":\"https:\/\/www.serrats.com\/recetas\/ensalada-xato\/\",\"name\":\"Ensalada Xat\u00f3 - La Cocina de Serrats\",\"isPartOf\":{\"@id\":\"https:\/\/www.serrats.com\/recetas\/#website\"},\"primaryImageOfPage\":{\"@id\":\"https:\/\/www.serrats.com\/recetas\/ensalada-xato\/#primaryimage\"},\"image\":{\"@id\":\"https:\/\/www.serrats.com\/recetas\/ensalada-xato\/#primaryimage\"},\"thumbnailUrl\":\"https:\/\/www.serrats.com\/recetas\/wp-content\/uploads\/2021\/10\/ensalada-xato.jpg\",\"datePublished\":\"2021-10-01T09:07:51+00:00\",\"dateModified\":\"2021-10-01T09:07:53+00:00\",\"description\":\"Esta ensalada Xat\u00f3 es una deliciosa fusi\u00f3n entre la cocina mediterr\u00e1nea y nuestras conservas del cant\u00e1brico. \u00a1Pru\u00e9bala!\",\"breadcrumb\":{\"@id\":\"https:\/\/www.serrats.com\/recetas\/ensalada-xato\/#breadcrumb\"},\"inLanguage\":\"es\",\"potentialAction\":[{\"@type\":\"ReadAction\",\"target\":[\"https:\/\/www.serrats.com\/recetas\/ensalada-xato\/\"]}]},{\"@type\":\"ImageObject\",\"inLanguage\":\"es\",\"@id\":\"https:\/\/www.serrats.com\/recetas\/ensalada-xato\/#primaryimage\",\"url\":\"https:\/\/www.serrats.com\/recetas\/wp-content\/uploads\/2021\/10\/ensalada-xato.jpg\",\"contentUrl\":\"https:\/\/www.serrats.com\/recetas\/wp-content\/uploads\/2021\/10\/ensalada-xato.jpg\",\"width\":1920,\"height\":933},{\"@type\":\"BreadcrumbList\",\"@id\":\"https:\/\/www.serrats.com\/recetas\/ensalada-xato\/#breadcrumb\",\"itemListElement\":[{\"@type\":\"ListItem\",\"position\":1,\"name\":\"Blog\",\"item\":\"https:\/\/www.serrats.com\/recetas\/\"},{\"@type\":\"ListItem\",\"position\":2,\"name\":\"Noticias y curiosidades\",\"item\":\"https:\/\/www.serrats.com\/recetas\/noticias-y-curiosidades\/\"},{\"@type\":\"ListItem\",\"position\":3,\"name\":\"Ensalada Xat\u00f3\"}]},{\"@type\":\"WebSite\",\"@id\":\"https:\/\/www.serrats.com\/recetas\/#website\",\"url\":\"https:\/\/www.serrats.com\/recetas\/\",\"name\":\"La Cocina de Serrats\",\"description\":\"\",\"publisher\":{\"@id\":\"https:\/\/www.serrats.com\/recetas\/#organization\"},\"potentialAction\":[{\"@type\":\"SearchAction\",\"target\":{\"@type\":\"EntryPoint\",\"urlTemplate\":\"https:\/\/www.serrats.com\/recetas\/?s={search_term_string}\"},\"query-input\":{\"@type\":\"PropertyValueSpecification\",\"valueRequired\":true,\"valueName\":\"search_term_string\"}}],\"inLanguage\":\"es\"},{\"@type\":\"Organization\",\"@id\":\"https:\/\/www.serrats.com\/recetas\/#organization\",\"name\":\"La Cocina de Serrats\",\"url\":\"https:\/\/www.serrats.com\/recetas\/\",\"logo\":{\"@type\":\"ImageObject\",\"inLanguage\":\"es\",\"@id\":\"https:\/\/www.serrats.com\/recetas\/#\/schema\/logo\/image\/\",\"url\":\"https:\/\/www.serrats.com\/recetas\/wp-content\/uploads\/2023\/08\/serratslogo.svg\",\"contentUrl\":\"https:\/\/www.serrats.com\/recetas\/wp-content\/uploads\/2023\/08\/serratslogo.svg\",\"width\":162,\"height\":72,\"caption\":\"La Cocina de Serrats\"},\"image\":{\"@id\":\"https:\/\/www.serrats.com\/recetas\/#\/schema\/logo\/image\/\"}},{\"@type\":\"Person\",\"@id\":\"https:\/\/www.serrats.com\/recetas\/#\/schema\/person\/e7c6d31fccdda786053f829cd52bfbe8\",\"name\":\"Esperanza\",\"image\":{\"@type\":\"ImageObject\",\"inLanguage\":\"es\",\"@id\":\"https:\/\/www.serrats.com\/recetas\/#\/schema\/person\/image\/\",\"url\":\"https:\/\/secure.gravatar.com\/avatar\/88bd6a2ba5af667cd2d32fe55c2f40c33afa802b8ec957fd1c4552be5e05b421?s=96&d=mm&r=g\",\"contentUrl\":\"https:\/\/secure.gravatar.com\/avatar\/88bd6a2ba5af667cd2d32fe55c2f40c33afa802b8ec957fd1c4552be5e05b421?s=96&d=mm&r=g\",\"caption\":\"Esperanza\"},\"url\":\"https:\/\/www.serrats.com\/recetas\/author\/overalia\/\"}]}<\/script>\n<!-- \/ Yoast SEO plugin. -->","yoast_head_json":{"title":"Ensalada Xat\u00f3 - La Cocina de Serrats","description":"Esta ensalada Xat\u00f3 es una deliciosa fusi\u00f3n entre la cocina mediterr\u00e1nea y nuestras conservas del cant\u00e1brico. \u00a1Pru\u00e9bala!","robots":{"index":"index","follow":"follow","max-snippet":"max-snippet:-1","max-image-preview":"max-image-preview:large","max-video-preview":"max-video-preview:-1"},"canonical":"https:\/\/www.serrats.com\/recetas\/ensalada-xato\/","og_locale":"es_ES","og_type":"article","og_title":"Ensalada Xat\u00f3 - La Cocina de Serrats","og_description":"Esta ensalada Xat\u00f3 es una deliciosa fusi\u00f3n entre la cocina mediterr\u00e1nea y nuestras conservas del cant\u00e1brico. \u00a1Pru\u00e9bala!","og_url":"https:\/\/www.serrats.com\/recetas\/ensalada-xato\/","og_site_name":"La Cocina de Serrats","article_published_time":"2021-10-01T09:07:51+00:00","article_modified_time":"2021-10-01T09:07:53+00:00","og_image":[{"width":1920,"height":933,"url":"https:\/\/www.serrats.com\/recetas\/wp-content\/uploads\/2021\/10\/ensalada-xato.jpg","type":"image\/jpeg"}],"author":"Esperanza","twitter_card":"summary_large_image","twitter_misc":{"Escrito por":"Esperanza","Tiempo de lectura":"1 minuto"},"schema":{"@context":"https:\/\/schema.org","@graph":[{"@type":"Article","@id":"https:\/\/www.serrats.com\/recetas\/ensalada-xato\/#article","isPartOf":{"@id":"https:\/\/www.serrats.com\/recetas\/ensalada-xato\/"},"author":{"name":"Esperanza","@id":"https:\/\/www.serrats.com\/recetas\/#\/schema\/person\/e7c6d31fccdda786053f829cd52bfbe8"},"headline":"Ensalada Xat\u00f3","datePublished":"2021-10-01T09:07:51+00:00","dateModified":"2021-10-01T09:07:53+00:00","mainEntityOfPage":{"@id":"https:\/\/www.serrats.com\/recetas\/ensalada-xato\/"},"wordCount":111,"commentCount":0,"publisher":{"@id":"https:\/\/www.serrats.com\/recetas\/#organization"},"image":{"@id":"https:\/\/www.serrats.com\/recetas\/ensalada-xato\/#primaryimage"},"thumbnailUrl":"https:\/\/www.serrats.com\/recetas\/wp-content\/uploads\/2021\/10\/ensalada-xato.jpg","keywords":["nuevas"],"articleSection":["Noticias y curiosidades"],"inLanguage":"es","potentialAction":[{"@type":"CommentAction","name":"Comment","target":["https:\/\/www.serrats.com\/recetas\/ensalada-xato\/#respond"]}]},{"@type":"WebPage","@id":"https:\/\/www.serrats.com\/recetas\/ensalada-xato\/","url":"https:\/\/www.serrats.com\/recetas\/ensalada-xato\/","name":"Ensalada Xat\u00f3 - La Cocina de Serrats","isPartOf":{"@id":"https:\/\/www.serrats.com\/recetas\/#website"},"primaryImageOfPage":{"@id":"https:\/\/www.serrats.com\/recetas\/ensalada-xato\/#primaryimage"},"image":{"@id":"https:\/\/www.serrats.com\/recetas\/ensalada-xato\/#primaryimage"},"thumbnailUrl":"https:\/\/www.serrats.com\/recetas\/wp-content\/uploads\/2021\/10\/ensalada-xato.jpg","datePublished":"2021-10-01T09:07:51+00:00","dateModified":"2021-10-01T09:07:53+00:00","description":"Esta ensalada Xat\u00f3 es una deliciosa fusi\u00f3n entre la cocina mediterr\u00e1nea y nuestras conservas del cant\u00e1brico. \u00a1Pru\u00e9bala!","breadcrumb":{"@id":"https:\/\/www.serrats.com\/recetas\/ensalada-xato\/#breadcrumb"},"inLanguage":"es","potentialAction":[{"@type":"ReadAction","target":["https:\/\/www.serrats.com\/recetas\/ensalada-xato\/"]}]},{"@type":"ImageObject","inLanguage":"es","@id":"https:\/\/www.serrats.com\/recetas\/ensalada-xato\/#primaryimage","url":"https:\/\/www.serrats.com\/recetas\/wp-content\/uploads\/2021\/10\/ensalada-xato.jpg","contentUrl":"https:\/\/www.serrats.com\/recetas\/wp-content\/uploads\/2021\/10\/ensalada-xato.jpg","width":1920,"height":933},{"@type":"BreadcrumbList","@id":"https:\/\/www.serrats.com\/recetas\/ensalada-xato\/#breadcrumb","itemListElement":[{"@type":"ListItem","position":1,"name":"Blog","item":"https:\/\/www.serrats.com\/recetas\/"},{"@type":"ListItem","position":2,"name":"Noticias y curiosidades","item":"https:\/\/www.serrats.com\/recetas\/noticias-y-curiosidades\/"},{"@type":"ListItem","position":3,"name":"Ensalada Xat\u00f3"}]},{"@type":"WebSite","@id":"https:\/\/www.serrats.com\/recetas\/#website","url":"https:\/\/www.serrats.com\/recetas\/","name":"La Cocina de Serrats","description":"","publisher":{"@id":"https:\/\/www.serrats.com\/recetas\/#organization"},"potentialAction":[{"@type":"SearchAction","target":{"@type":"EntryPoint","urlTemplate":"https:\/\/www.serrats.com\/recetas\/?s={search_term_string}"},"query-input":{"@type":"PropertyValueSpecification","valueRequired":true,"valueName":"search_term_string"}}],"inLanguage":"es"},{"@type":"Organization","@id":"https:\/\/www.serrats.com\/recetas\/#organization","name":"La Cocina de Serrats","url":"https:\/\/www.serrats.com\/recetas\/","logo":{"@type":"ImageObject","inLanguage":"es","@id":"https:\/\/www.serrats.com\/recetas\/#\/schema\/logo\/image\/","url":"https:\/\/www.serrats.com\/recetas\/wp-content\/uploads\/2023\/08\/serratslogo.svg","contentUrl":"https:\/\/www.serrats.com\/recetas\/wp-content\/uploads\/2023\/08\/serratslogo.svg","width":162,"height":72,"caption":"La Cocina de Serrats"},"image":{"@id":"https:\/\/www.serrats.com\/recetas\/#\/schema\/logo\/image\/"}},{"@type":"Person","@id":"https:\/\/www.serrats.com\/recetas\/#\/schema\/person\/e7c6d31fccdda786053f829cd52bfbe8","name":"Esperanza","image":{"@type":"ImageObject","inLanguage":"es","@id":"https:\/\/www.serrats.com\/recetas\/#\/schema\/person\/image\/","url":"https:\/\/secure.gravatar.com\/avatar\/88bd6a2ba5af667cd2d32fe55c2f40c33afa802b8ec957fd1c4552be5e05b421?s=96&d=mm&r=g","contentUrl":"https:\/\/secure.gravatar.com\/avatar\/88bd6a2ba5af667cd2d32fe55c2f40c33afa802b8ec957fd1c4552be5e05b421?s=96&d=mm&r=g","caption":"Esperanza"},"url":"https:\/\/www.serrats.com\/recetas\/author\/overalia\/"}]}},"_links":{"self":[{"href":"https:\/\/www.serrats.com\/recetas\/wp-json\/wp\/v2\/posts\/20303","targetHints":{"allow":["GET"]}}],"collection":[{"href":"https:\/\/www.serrats.com\/recetas\/wp-json\/wp\/v2\/posts"}],"about":[{"href":"https:\/\/www.serrats.com\/recetas\/wp-json\/wp\/v2\/types\/post"}],"author":[{"embeddable":true,"href":"https:\/\/www.serrats.com\/recetas\/wp-json\/wp\/v2\/users\/18"}],"replies":[{"embeddable":true,"href":"https:\/\/www.serrats.com\/recetas\/wp-json\/wp\/v2\/comments?post=20303"}],"version-history":[{"count":1,"href":"https:\/\/www.serrats.com\/recetas\/wp-json\/wp\/v2\/posts\/20303\/revisions"}],"predecessor-version":[{"id":20304,"href":"https:\/\/www.serrats.com\/recetas\/wp-json\/wp\/v2\/posts\/20303\/revisions\/20304"}],"wp:featuredmedia":[{"embeddable":true,"href":"https:\/\/www.serrats.com\/recetas\/wp-json\/wp\/v2\/media\/20305"}],"wp:attachment":[{"href":"https:\/\/www.serrats.com\/recetas\/wp-json\/wp\/v2\/media?parent=20303"}],"wp:term":[{"taxonomy":"category","embeddable":true,"href":"https:\/\/www.serrats.com\/recetas\/wp-json\/wp\/v2\/categories?post=20303"},{"taxonomy":"post_tag","embeddable":true,"href":"https:\/\/www.serrats.com\/recetas\/wp-json\/wp\/v2\/tags?post=20303"}],"curies":[{"name":"wp","href":"https:\/\/api.w.org\/{rel}","templated":true}]}}