{"id":20331,"date":"2021-10-15T10:28:13","date_gmt":"2021-10-15T08:28:13","guid":{"rendered":"https:\/\/serrats.com\/recetas\/?p=20331"},"modified":"2021-10-15T10:28:15","modified_gmt":"2021-10-15T08:28:15","slug":"10-ideas-de-tostas-con-conservas-de-pescado-para-celebrar-el-dia-del-pan","status":"publish","type":"post","link":"https:\/\/www.serrats.com\/recetas\/10-ideas-de-tostas-con-conservas-de-pescado-para-celebrar-el-dia-del-pan\/","title":{"rendered":"10 ideas de tostas con conservas de pescado para celebrar el D\u00eda del Pan"},"content":{"rendered":"\n<p>El 16 de octubre se celebra el <strong>D\u00eda Mundial del Pan<\/strong> y desde <strong>Conservas Serrats<\/strong> nos queremos unir a la celebraci\u00f3n de esta festividad de panaderos y amantes de este alimento\u00a0milenario. Para ello, hemos recopilado 10 recetas de <strong>tostas y\/o pintxos<\/strong> en las que el pan es uno de los principales acompa\u00f1antes de nuestras <strong>conservas de pescado<\/strong>.<\/p>\n\n\n\n<p><\/p>\n\n\n\n<p><strong><a href=\"https:\/\/serrats.com\/recetas\/tosta-integral-con-hummus-de-remolacha-y-bonito-del-norte\/\">Tosta integral con hummus de remolacha y bonito del norte<\/a><\/strong><\/p>\n\n\n\n<figure class=\"wp-block-image size-large is-resized\"><a href=\"https:\/\/serrats.com\/recetas\/tosta-integral-con-hummus-de-remolacha-y-bonito-del-norte\/\"><img fetchpriority=\"high\" decoding=\"async\" src=\"https:\/\/serrats.com\/recetas\/wp-content\/uploads\/2021\/05\/tosta-hummus-remolacha-bonito-1024x766.jpg\" alt=\"Tosta con hummus de remolacha y bonito del norte\" class=\"wp-image-19840\" width=\"512\" height=\"383\" srcset=\"https:\/\/www.serrats.com\/recetas\/wp-content\/uploads\/2021\/05\/tosta-hummus-remolacha-bonito-1024x766.jpg 1024w, https:\/\/www.serrats.com\/recetas\/wp-content\/uploads\/2021\/05\/tosta-hummus-remolacha-bonito-600x449.jpg 600w, https:\/\/www.serrats.com\/recetas\/wp-content\/uploads\/2021\/05\/tosta-hummus-remolacha-bonito-768x575.jpg 768w, https:\/\/www.serrats.com\/recetas\/wp-content\/uploads\/2021\/05\/tosta-hummus-remolacha-bonito-420x314.jpg 420w, https:\/\/www.serrats.com\/recetas\/wp-content\/uploads\/2021\/05\/tosta-hummus-remolacha-bonito-725x543.jpg 725w, https:\/\/www.serrats.com\/recetas\/wp-content\/uploads\/2021\/05\/tosta-hummus-remolacha-bonito.jpg 1280w\" sizes=\"(max-width: 512px) 100vw, 512px\" \/><\/a><\/figure>\n\n\n\n<p>Una receta f\u00e1cil y deliciosa que adem\u00e1s nos aporta las\u00a0<a href=\"https:\/\/serrats.com\/recetas\/propiedades-del-aguacate-recetas\/\">propiedades del aguacate<\/a>, la\u00a0<a href=\"https:\/\/serrats.com\/recetas\/propiedades-la-remolacha\/\">remolacha<\/a>, las\u00a0<a href=\"https:\/\/serrats.com\/recetas\/hummus-legumbres-verano\/\">legumbres<\/a>\u00a0y por supuesto, el\u00a0<a href=\"https:\/\/www.serrats.com\/es\/pescado-azul-y-blanco\">pescado azul<\/a>. Y todo ello con\u00a0pan integral. \u00bfQu\u00e9 m\u00e1s se puede pedir?<\/p>\n\n\n\n<p><strong><a href=\"https:\/\/serrats.com\/recetas\/tosta-sardinillas-picadillo\/\">Tosta de sardinillas con picadillo<\/a><\/strong><\/p>\n\n\n\n<figure class=\"wp-block-image size-full is-resized\"><a href=\"https:\/\/serrats.com\/recetas\/tosta-sardinillas-picadillo\/\"><img decoding=\"async\" src=\"https:\/\/serrats.com\/recetas\/wp-content\/uploads\/2021\/01\/tosta-sardinillas-picadillo.jpeg\" alt=\"Tosta de sardinillas con picadillo\" class=\"wp-image-19572\" width=\"500\" height=\"480\"\/><\/a><\/figure>\n\n\n\n<p>Una receta f\u00e1cil e ideal para disfrutar de una cena r\u00e1pida o un delicioso aperitivo. Y con todas las <a href=\"https:\/\/serrats.com\/recetas\/sardinillas-aceite-una-delicia-llena-propiedades\/\">propiedades de las sardinillas en aceite de oliva<\/a>. <\/p>\n\n\n\n<p><strong><a href=\"https:\/\/serrats.com\/recetas\/bruschetta-tomate-picado-bonito-del-norte\/\">Bruschetta de tomate picado y bonito del norte<\/a><\/strong><\/p>\n\n\n\n<figure class=\"wp-block-image size-large is-resized\"><a href=\"https:\/\/serrats.com\/recetas\/bruschetta-tomate-picado-bonito-del-norte\/\"><img decoding=\"async\" src=\"https:\/\/serrats.com\/recetas\/wp-content\/uploads\/2021\/06\/bruschetta-tomate-bonito-768x1024.jpg\" alt=\"Bruschetta de tomate picado y bonito del norte\" class=\"wp-image-19954\" width=\"384\" height=\"512\" srcset=\"https:\/\/www.serrats.com\/recetas\/wp-content\/uploads\/2021\/06\/bruschetta-tomate-bonito-768x1024.jpg 768w, https:\/\/www.serrats.com\/recetas\/wp-content\/uploads\/2021\/06\/bruschetta-tomate-bonito-345x460.jpg 345w, https:\/\/www.serrats.com\/recetas\/wp-content\/uploads\/2021\/06\/bruschetta-tomate-bonito-420x560.jpg 420w, https:\/\/www.serrats.com\/recetas\/wp-content\/uploads\/2021\/06\/bruschetta-tomate-bonito-725x967.jpg 725w, https:\/\/www.serrats.com\/recetas\/wp-content\/uploads\/2021\/06\/bruschetta-tomate-bonito.jpg 1536w\" sizes=\"(max-width: 384px) 100vw, 384px\" \/><\/a><\/figure>\n\n\n\n<p>Una\u00a0<strong>receta tradicionalmente mediterr\u00e1nea<\/strong>\u00a0con un\u00a0<strong>toque del Cant\u00e1brico<\/strong>.<\/p>\n\n\n\n<p><strong><a href=\"https:\/\/serrats.com\/recetas\/tostas-guacamole-anchoa\/\">Tostas de guacamole, anchoa y piquillo<\/a><\/strong><\/p>\n\n\n\n<figure class=\"wp-block-image size-large is-resized\"><a href=\"https:\/\/serrats.com\/recetas\/tostas-guacamole-anchoa\/\"><img loading=\"lazy\" decoding=\"async\" src=\"https:\/\/serrats.com\/recetas\/wp-content\/uploads\/2021\/01\/tosta-guacamole-anchoa-1024x643.jpg\" alt=\"Tostas de guacamole y anchoa\" class=\"wp-image-19591\" width=\"512\" height=\"322\" srcset=\"https:\/\/www.serrats.com\/recetas\/wp-content\/uploads\/2021\/01\/tosta-guacamole-anchoa-1024x643.jpg 1024w, https:\/\/www.serrats.com\/recetas\/wp-content\/uploads\/2021\/01\/tosta-guacamole-anchoa-600x377.jpg 600w, https:\/\/www.serrats.com\/recetas\/wp-content\/uploads\/2021\/01\/tosta-guacamole-anchoa-768x482.jpg 768w, https:\/\/www.serrats.com\/recetas\/wp-content\/uploads\/2021\/01\/tosta-guacamole-anchoa-420x264.jpg 420w, https:\/\/www.serrats.com\/recetas\/wp-content\/uploads\/2021\/01\/tosta-guacamole-anchoa-725x455.jpg 725w, https:\/\/www.serrats.com\/recetas\/wp-content\/uploads\/2021\/01\/tosta-guacamole-anchoa.jpg 1920w\" sizes=\"(max-width: 512px) 100vw, 512px\" \/><\/a><\/figure>\n\n\n\n<p>Un delicioso bocado que se prepara en un abrir y cerrar de latas.<\/p>\n\n\n\n<p><strong><a href=\"https:\/\/serrats.com\/recetas\/torrijas-saladas-sardinillas\/\">Torrijas saladas con sardinillas<\/a><\/strong><\/p>\n\n\n\n<figure class=\"wp-block-image size-large is-resized\"><a href=\"https:\/\/serrats.com\/recetas\/torrijas-saladas-sardinillas\/\"><img loading=\"lazy\" decoding=\"async\" src=\"https:\/\/serrats.com\/recetas\/wp-content\/uploads\/2021\/04\/torrijas-saladas-sardinillas-1024x1024.jpg\" alt=\"Torrijas saladas con sardinillas\" class=\"wp-image-19801\" width=\"512\" height=\"512\" srcset=\"https:\/\/www.serrats.com\/recetas\/wp-content\/uploads\/2021\/04\/torrijas-saladas-sardinillas-1024x1024.jpg 1024w, https:\/\/www.serrats.com\/recetas\/wp-content\/uploads\/2021\/04\/torrijas-saladas-sardinillas-150x150.jpg 150w, https:\/\/www.serrats.com\/recetas\/wp-content\/uploads\/2021\/04\/torrijas-saladas-sardinillas-460x460.jpg 460w, https:\/\/www.serrats.com\/recetas\/wp-content\/uploads\/2021\/04\/torrijas-saladas-sardinillas-768x768.jpg 768w, https:\/\/www.serrats.com\/recetas\/wp-content\/uploads\/2021\/04\/torrijas-saladas-sardinillas-420x420.jpg 420w, https:\/\/www.serrats.com\/recetas\/wp-content\/uploads\/2021\/04\/torrijas-saladas-sardinillas-725x725.jpg 725w, https:\/\/www.serrats.com\/recetas\/wp-content\/uploads\/2021\/04\/torrijas-saladas-sardinillas.jpg 1920w\" sizes=\"(max-width: 512px) 100vw, 512px\" \/><\/a><\/figure>\n\n\n\n<p>Una receta sorprendente y deliciosa.<\/p>\n\n\n\n<p><strong><a href=\"https:\/\/serrats.com\/recetas\/pintxos-variados-anchoas-del-cantabrico\/\">Pintxos variados con anchoas del Cant\u00e1brico y Bonito del Norte<\/a><\/strong><\/p>\n\n\n\n<figure class=\"wp-block-image size-large is-resized\"><a href=\"https:\/\/serrats.com\/recetas\/pintxos-variados-anchoas-del-cantabrico\/\"><img loading=\"lazy\" decoding=\"async\" src=\"https:\/\/serrats.com\/recetas\/wp-content\/uploads\/2021\/03\/pintxos-variados-anchoa-cantabrico-1024x768.jpg\" alt=\"Pintxos variados con anchoas del Cant\u00e1brico\" class=\"wp-image-19729\" width=\"512\" height=\"384\" srcset=\"https:\/\/www.serrats.com\/recetas\/wp-content\/uploads\/2021\/03\/pintxos-variados-anchoa-cantabrico-1024x768.jpg 1024w, https:\/\/www.serrats.com\/recetas\/wp-content\/uploads\/2021\/03\/pintxos-variados-anchoa-cantabrico-600x450.jpg 600w, https:\/\/www.serrats.com\/recetas\/wp-content\/uploads\/2021\/03\/pintxos-variados-anchoa-cantabrico-768x576.jpg 768w, https:\/\/www.serrats.com\/recetas\/wp-content\/uploads\/2021\/03\/pintxos-variados-anchoa-cantabrico-420x315.jpg 420w, https:\/\/www.serrats.com\/recetas\/wp-content\/uploads\/2021\/03\/pintxos-variados-anchoa-cantabrico-725x544.jpg 725w, https:\/\/www.serrats.com\/recetas\/wp-content\/uploads\/2021\/03\/pintxos-variados-anchoa-cantabrico.jpg 1920w\" sizes=\"(max-width: 512px) 100vw, 512px\" \/><\/a><\/figure>\n\n\n\n<p>Una prueba de que teniendo materia prima de calidad se puede disfrutar de bocados deliciosos sin grandes elaboraciones.<\/p>\n\n\n\n<p><strong><a href=\"https:\/\/serrats.com\/recetas\/tosta-hummus-sardinillas\/\">Tosta de hummus con sardinillas<\/a><\/strong><\/p>\n\n\n\n<figure class=\"wp-block-image size-large is-resized\"><a href=\"https:\/\/serrats.com\/recetas\/tosta-hummus-sardinillas\/\"><img loading=\"lazy\" decoding=\"async\" src=\"https:\/\/serrats.com\/recetas\/wp-content\/uploads\/2019\/02\/tosta-hummus-sardinilla-683x1024.jpg\" alt=\"Tosta de hummus con sardinillas\" class=\"wp-image-17738\" width=\"342\" height=\"512\"\/><\/a><\/figure>\n\n\n\n<p>Si una tosta de hummus ya suena apetecible&#8230; con estos acompa\u00f1antes, ni os cuento. Sardinillas, pimientos, tomate&#8230; y un \u00faltimo toque especial que descubrir\u00e9is visitando la receta. <\/p>\n\n\n\n<p><strong><a href=\"https:\/\/serrats.com\/recetas\/pintxo-de-atun-y-anchoas-trainerillas-del-cantabrico\/\">Pintxo de at\u00fan y anchoas<\/a><\/strong><\/p>\n\n\n\n<figure class=\"wp-block-image size-large is-resized\"><a href=\"https:\/\/serrats.com\/recetas\/pintxo-de-atun-y-anchoas-trainerillas-del-cantabrico\/\"><img loading=\"lazy\" decoding=\"async\" src=\"https:\/\/serrats.com\/recetas\/wp-content\/uploads\/2021\/09\/pintxo-atun-mahonesa-anchoa-1024x768.jpg\" alt=\"Pintxos de at\u00fan con mahonesa y anchoas del Cant\u00e1brico\" class=\"wp-image-20279\" width=\"512\" height=\"384\" srcset=\"https:\/\/www.serrats.com\/recetas\/wp-content\/uploads\/2021\/09\/pintxo-atun-mahonesa-anchoa-1024x768.jpg 1024w, https:\/\/www.serrats.com\/recetas\/wp-content\/uploads\/2021\/09\/pintxo-atun-mahonesa-anchoa-600x450.jpg 600w, https:\/\/www.serrats.com\/recetas\/wp-content\/uploads\/2021\/09\/pintxo-atun-mahonesa-anchoa-768x576.jpg 768w, https:\/\/www.serrats.com\/recetas\/wp-content\/uploads\/2021\/09\/pintxo-atun-mahonesa-anchoa-1536x1152.jpg 1536w, https:\/\/www.serrats.com\/recetas\/wp-content\/uploads\/2021\/09\/pintxo-atun-mahonesa-anchoa-420x315.jpg 420w, https:\/\/www.serrats.com\/recetas\/wp-content\/uploads\/2021\/09\/pintxo-atun-mahonesa-anchoa-725x544.jpg 725w, https:\/\/www.serrats.com\/recetas\/wp-content\/uploads\/2021\/09\/pintxo-atun-mahonesa-anchoa.jpg 1920w\" sizes=\"(max-width: 512px) 100vw, 512px\" \/><\/a><\/figure>\n\n\n\n<p>Un cl\u00e1sico delicioso.<\/p>\n\n\n\n<p><strong><a href=\"https:\/\/serrats.com\/recetas\/tosta-aguacate-anchoas-del-cantabrico\/\">Tosta de aguacate y anchoas del Cant\u00e1brico<\/a><\/strong><\/p>\n\n\n\n<figure class=\"wp-block-image size-full is-resized\"><a href=\"https:\/\/serrats.com\/recetas\/tosta-aguacate-anchoas-del-cantabrico\/\"><img loading=\"lazy\" decoding=\"async\" src=\"https:\/\/serrats.com\/recetas\/wp-content\/uploads\/2018\/05\/tosta-aguacate-anchoas.jpg\" alt=\"Tosta de aguacate y Anchoas del Cant\u00e1brico\" class=\"wp-image-16563\" width=\"320\" height=\"239\" srcset=\"https:\/\/www.serrats.com\/recetas\/wp-content\/uploads\/2018\/05\/tosta-aguacate-anchoas.jpg 640w, https:\/\/www.serrats.com\/recetas\/wp-content\/uploads\/2018\/05\/tosta-aguacate-anchoas-600x447.jpg 600w, https:\/\/www.serrats.com\/recetas\/wp-content\/uploads\/2018\/05\/tosta-aguacate-anchoas-420x313.jpg 420w\" sizes=\"(max-width: 320px) 100vw, 320px\" \/><\/a><\/figure>\n\n\n\n<p>Una combinaci\u00f3n que siempre triunfa.<\/p>\n\n\n\n<p><strong><a href=\"https:\/\/serrats.com\/recetas\/tosta-de-anchoas-con-aguacate-y-tomate\/\">Tosta de anchoas con aguacate y tomate<\/a><\/strong><\/p>\n\n\n\n<figure class=\"wp-block-image size-large is-resized\"><a href=\"https:\/\/serrats.com\/recetas\/tosta-de-anchoas-con-aguacate-y-tomate\/\"><img loading=\"lazy\" decoding=\"async\" src=\"https:\/\/serrats.com\/recetas\/wp-content\/uploads\/2018\/07\/tosta-anchoas-aguacate-tomate-1024x832.jpg\" alt=\"Tosta de anchoas con aguacate y tomate\" class=\"wp-image-16730\" width=\"512\" height=\"416\" srcset=\"https:\/\/www.serrats.com\/recetas\/wp-content\/uploads\/2018\/07\/tosta-anchoas-aguacate-tomate-1024x832.jpg 1024w, https:\/\/www.serrats.com\/recetas\/wp-content\/uploads\/2018\/07\/tosta-anchoas-aguacate-tomate-566x460.jpg 566w, https:\/\/www.serrats.com\/recetas\/wp-content\/uploads\/2018\/07\/tosta-anchoas-aguacate-tomate-768x624.jpg 768w, https:\/\/www.serrats.com\/recetas\/wp-content\/uploads\/2018\/07\/tosta-anchoas-aguacate-tomate-420x341.jpg 420w, https:\/\/www.serrats.com\/recetas\/wp-content\/uploads\/2018\/07\/tosta-anchoas-aguacate-tomate-725x589.jpg 725w, https:\/\/www.serrats.com\/recetas\/wp-content\/uploads\/2018\/07\/tosta-anchoas-aguacate-tomate.jpg 1600w\" sizes=\"(max-width: 512px) 100vw, 512px\" \/><\/a><\/figure>\n\n\n\n<p>Una receta muy f\u00e1cil y r\u00e1pida, que adem\u00e1s est\u00e1 riqu\u00edsima.<\/p>\n\n\n\n<p>Como aperitivo, como cena r\u00e1pida&#8230; Como v\u00e9is, las\u00a0<strong>tostas con conservas de pescado<\/strong>\u00a0dan mucho juego.\u00a0<\/p>\n\n\n\n<p>Adem\u00e1s, si quer\u00e9is que vuestras tostas sean m\u00e1s saludables, os recomendamos echar un vistazo al post de la doctora Arantza L\u00f3pez-Oca\u00f1a, sobre <a href=\"https:\/\/serrats.com\/recetas\/tipos-de-harina\/\"><strong>tipos de harina<\/strong><\/a>, donde encontrar\u00e9is alternativas a las refinadas. <\/p>\n\n\n\n<p><strong>\u00a1Feliz D\u00eda del Pan!<\/strong><\/p>\n","protected":false},"excerpt":{"rendered":"<p>El 16 de octubre se celebra el D\u00eda Mundial del Pan y desde Conservas Serrats nos queremos unir a la celebraci\u00f3n de esta festividad de panaderos y amantes de este alimento\u00a0milenario. Para ello, hemos recopilado 10 recetas de tostas y\/o pintxos en las que el pan es uno de los principales acompa\u00f1antes de nuestras conservas [&hellip;]<\/p>\n","protected":false},"author":18,"featured_media":20332,"comment_status":"open","ping_status":"open","sticky":false,"template":"","format":"standard","meta":{"_acf_changed":false,"footnotes":""},"categories":[11],"tags":[],"class_list":["post-20331","post","type-post","status-publish","format-standard","has-post-thumbnail","hentry","category-noticias-y-curiosidades"],"acf":[],"yoast_head":"<!-- This site is optimized with the Yoast SEO plugin v25.6 - https:\/\/yoast.com\/wordpress\/plugins\/seo\/ -->\n<title>10 ideas de tostas con conservas de pescado para celebrar el D\u00eda del Pan - La Cocina de Serrats<\/title>\n<meta name=\"description\" content=\"Celebramos el D\u00eda Mundial del Pan con 10 ideas de tostas con conservas de pescado. \u00a1Desc\u00fabrelas!\" \/>\n<meta name=\"robots\" content=\"index, follow, max-snippet:-1, max-image-preview:large, max-video-preview:-1\" \/>\n<link rel=\"canonical\" href=\"https:\/\/www.serrats.com\/recetas\/10-ideas-de-tostas-con-conservas-de-pescado-para-celebrar-el-dia-del-pan\/\" \/>\n<meta property=\"og:locale\" content=\"es_ES\" \/>\n<meta property=\"og:type\" content=\"article\" \/>\n<meta property=\"og:title\" content=\"10 ideas de tostas con conservas de pescado para celebrar el D\u00eda del Pan - La Cocina de Serrats\" \/>\n<meta property=\"og:description\" content=\"Celebramos el D\u00eda Mundial del Pan con 10 ideas de tostas con conservas de pescado. \u00a1Desc\u00fabrelas!\" \/>\n<meta property=\"og:url\" content=\"https:\/\/www.serrats.com\/recetas\/10-ideas-de-tostas-con-conservas-de-pescado-para-celebrar-el-dia-del-pan\/\" \/>\n<meta property=\"og:site_name\" content=\"La Cocina de Serrats\" \/>\n<meta property=\"article:published_time\" content=\"2021-10-15T08:28:13+00:00\" \/>\n<meta property=\"article:modified_time\" content=\"2021-10-15T08:28:15+00:00\" \/>\n<meta property=\"og:image\" content=\"https:\/\/www.serrats.com\/recetas\/wp-content\/uploads\/2021\/10\/recetas-tostas-dia-pan.jpg\" \/>\n\t<meta property=\"og:image:width\" content=\"1920\" \/>\n\t<meta property=\"og:image:height\" content=\"1233\" \/>\n\t<meta property=\"og:image:type\" content=\"image\/jpeg\" \/>\n<meta name=\"author\" content=\"Esperanza\" \/>\n<meta name=\"twitter:card\" content=\"summary_large_image\" \/>\n<meta name=\"twitter:label1\" content=\"Escrito por\" \/>\n\t<meta name=\"twitter:data1\" content=\"Esperanza\" \/>\n\t<meta name=\"twitter:label2\" content=\"Tiempo de lectura\" \/>\n\t<meta name=\"twitter:data2\" content=\"4 minutos\" \/>\n<script type=\"application\/ld+json\" class=\"yoast-schema-graph\">{\"@context\":\"https:\/\/schema.org\",\"@graph\":[{\"@type\":\"Article\",\"@id\":\"https:\/\/www.serrats.com\/recetas\/10-ideas-de-tostas-con-conservas-de-pescado-para-celebrar-el-dia-del-pan\/#article\",\"isPartOf\":{\"@id\":\"https:\/\/www.serrats.com\/recetas\/10-ideas-de-tostas-con-conservas-de-pescado-para-celebrar-el-dia-del-pan\/\"},\"author\":{\"name\":\"Esperanza\",\"@id\":\"https:\/\/www.serrats.com\/recetas\/#\/schema\/person\/e7c6d31fccdda786053f829cd52bfbe8\"},\"headline\":\"10 ideas de tostas con conservas de pescado para celebrar el D\u00eda del Pan\",\"datePublished\":\"2021-10-15T08:28:13+00:00\",\"dateModified\":\"2021-10-15T08:28:15+00:00\",\"mainEntityOfPage\":{\"@id\":\"https:\/\/www.serrats.com\/recetas\/10-ideas-de-tostas-con-conservas-de-pescado-para-celebrar-el-dia-del-pan\/\"},\"wordCount\":370,\"commentCount\":1,\"publisher\":{\"@id\":\"https:\/\/www.serrats.com\/recetas\/#organization\"},\"image\":{\"@id\":\"https:\/\/www.serrats.com\/recetas\/10-ideas-de-tostas-con-conservas-de-pescado-para-celebrar-el-dia-del-pan\/#primaryimage\"},\"thumbnailUrl\":\"https:\/\/www.serrats.com\/recetas\/wp-content\/uploads\/2021\/10\/recetas-tostas-dia-pan.jpg\",\"articleSection\":[\"Noticias y curiosidades\"],\"inLanguage\":\"es\",\"potentialAction\":[{\"@type\":\"CommentAction\",\"name\":\"Comment\",\"target\":[\"https:\/\/www.serrats.com\/recetas\/10-ideas-de-tostas-con-conservas-de-pescado-para-celebrar-el-dia-del-pan\/#respond\"]}]},{\"@type\":\"WebPage\",\"@id\":\"https:\/\/www.serrats.com\/recetas\/10-ideas-de-tostas-con-conservas-de-pescado-para-celebrar-el-dia-del-pan\/\",\"url\":\"https:\/\/www.serrats.com\/recetas\/10-ideas-de-tostas-con-conservas-de-pescado-para-celebrar-el-dia-del-pan\/\",\"name\":\"10 ideas de tostas con conservas de pescado para celebrar el D\u00eda del Pan - La Cocina de Serrats\",\"isPartOf\":{\"@id\":\"https:\/\/www.serrats.com\/recetas\/#website\"},\"primaryImageOfPage\":{\"@id\":\"https:\/\/www.serrats.com\/recetas\/10-ideas-de-tostas-con-conservas-de-pescado-para-celebrar-el-dia-del-pan\/#primaryimage\"},\"image\":{\"@id\":\"https:\/\/www.serrats.com\/recetas\/10-ideas-de-tostas-con-conservas-de-pescado-para-celebrar-el-dia-del-pan\/#primaryimage\"},\"thumbnailUrl\":\"https:\/\/www.serrats.com\/recetas\/wp-content\/uploads\/2021\/10\/recetas-tostas-dia-pan.jpg\",\"datePublished\":\"2021-10-15T08:28:13+00:00\",\"dateModified\":\"2021-10-15T08:28:15+00:00\",\"description\":\"Celebramos el D\u00eda Mundial del Pan con 10 ideas de tostas con conservas de pescado. \u00a1Desc\u00fabrelas!\",\"breadcrumb\":{\"@id\":\"https:\/\/www.serrats.com\/recetas\/10-ideas-de-tostas-con-conservas-de-pescado-para-celebrar-el-dia-del-pan\/#breadcrumb\"},\"inLanguage\":\"es\",\"potentialAction\":[{\"@type\":\"ReadAction\",\"target\":[\"https:\/\/www.serrats.com\/recetas\/10-ideas-de-tostas-con-conservas-de-pescado-para-celebrar-el-dia-del-pan\/\"]}]},{\"@type\":\"ImageObject\",\"inLanguage\":\"es\",\"@id\":\"https:\/\/www.serrats.com\/recetas\/10-ideas-de-tostas-con-conservas-de-pescado-para-celebrar-el-dia-del-pan\/#primaryimage\",\"url\":\"https:\/\/www.serrats.com\/recetas\/wp-content\/uploads\/2021\/10\/recetas-tostas-dia-pan.jpg\",\"contentUrl\":\"https:\/\/www.serrats.com\/recetas\/wp-content\/uploads\/2021\/10\/recetas-tostas-dia-pan.jpg\",\"width\":1920,\"height\":1233,\"caption\":\"Tostadas de pan\"},{\"@type\":\"BreadcrumbList\",\"@id\":\"https:\/\/www.serrats.com\/recetas\/10-ideas-de-tostas-con-conservas-de-pescado-para-celebrar-el-dia-del-pan\/#breadcrumb\",\"itemListElement\":[{\"@type\":\"ListItem\",\"position\":1,\"name\":\"Blog\",\"item\":\"https:\/\/www.serrats.com\/recetas\/\"},{\"@type\":\"ListItem\",\"position\":2,\"name\":\"Noticias y curiosidades\",\"item\":\"https:\/\/www.serrats.com\/recetas\/noticias-y-curiosidades\/\"},{\"@type\":\"ListItem\",\"position\":3,\"name\":\"10 ideas de tostas con conservas de pescado para celebrar el D\u00eda del Pan\"}]},{\"@type\":\"WebSite\",\"@id\":\"https:\/\/www.serrats.com\/recetas\/#website\",\"url\":\"https:\/\/www.serrats.com\/recetas\/\",\"name\":\"La Cocina de Serrats\",\"description\":\"\",\"publisher\":{\"@id\":\"https:\/\/www.serrats.com\/recetas\/#organization\"},\"potentialAction\":[{\"@type\":\"SearchAction\",\"target\":{\"@type\":\"EntryPoint\",\"urlTemplate\":\"https:\/\/www.serrats.com\/recetas\/?s={search_term_string}\"},\"query-input\":{\"@type\":\"PropertyValueSpecification\",\"valueRequired\":true,\"valueName\":\"search_term_string\"}}],\"inLanguage\":\"es\"},{\"@type\":\"Organization\",\"@id\":\"https:\/\/www.serrats.com\/recetas\/#organization\",\"name\":\"La Cocina de Serrats\",\"url\":\"https:\/\/www.serrats.com\/recetas\/\",\"logo\":{\"@type\":\"ImageObject\",\"inLanguage\":\"es\",\"@id\":\"https:\/\/www.serrats.com\/recetas\/#\/schema\/logo\/image\/\",\"url\":\"https:\/\/www.serrats.com\/recetas\/wp-content\/uploads\/2023\/08\/serratslogo.svg\",\"contentUrl\":\"https:\/\/www.serrats.com\/recetas\/wp-content\/uploads\/2023\/08\/serratslogo.svg\",\"width\":162,\"height\":72,\"caption\":\"La Cocina de Serrats\"},\"image\":{\"@id\":\"https:\/\/www.serrats.com\/recetas\/#\/schema\/logo\/image\/\"}},{\"@type\":\"Person\",\"@id\":\"https:\/\/www.serrats.com\/recetas\/#\/schema\/person\/e7c6d31fccdda786053f829cd52bfbe8\",\"name\":\"Esperanza\",\"image\":{\"@type\":\"ImageObject\",\"inLanguage\":\"es\",\"@id\":\"https:\/\/www.serrats.com\/recetas\/#\/schema\/person\/image\/\",\"url\":\"https:\/\/secure.gravatar.com\/avatar\/88bd6a2ba5af667cd2d32fe55c2f40c33afa802b8ec957fd1c4552be5e05b421?s=96&d=mm&r=g\",\"contentUrl\":\"https:\/\/secure.gravatar.com\/avatar\/88bd6a2ba5af667cd2d32fe55c2f40c33afa802b8ec957fd1c4552be5e05b421?s=96&d=mm&r=g\",\"caption\":\"Esperanza\"},\"url\":\"https:\/\/www.serrats.com\/recetas\/author\/overalia\/\"}]}<\/script>\n<!-- \/ Yoast SEO plugin. -->","yoast_head_json":{"title":"10 ideas de tostas con conservas de pescado para celebrar el D\u00eda del Pan - La Cocina de Serrats","description":"Celebramos el D\u00eda Mundial del Pan con 10 ideas de tostas con conservas de pescado. \u00a1Desc\u00fabrelas!","robots":{"index":"index","follow":"follow","max-snippet":"max-snippet:-1","max-image-preview":"max-image-preview:large","max-video-preview":"max-video-preview:-1"},"canonical":"https:\/\/www.serrats.com\/recetas\/10-ideas-de-tostas-con-conservas-de-pescado-para-celebrar-el-dia-del-pan\/","og_locale":"es_ES","og_type":"article","og_title":"10 ideas de tostas con conservas de pescado para celebrar el D\u00eda del Pan - La Cocina de Serrats","og_description":"Celebramos el D\u00eda Mundial del Pan con 10 ideas de tostas con conservas de pescado. \u00a1Desc\u00fabrelas!","og_url":"https:\/\/www.serrats.com\/recetas\/10-ideas-de-tostas-con-conservas-de-pescado-para-celebrar-el-dia-del-pan\/","og_site_name":"La Cocina de Serrats","article_published_time":"2021-10-15T08:28:13+00:00","article_modified_time":"2021-10-15T08:28:15+00:00","og_image":[{"width":1920,"height":1233,"url":"https:\/\/www.serrats.com\/recetas\/wp-content\/uploads\/2021\/10\/recetas-tostas-dia-pan.jpg","type":"image\/jpeg"}],"author":"Esperanza","twitter_card":"summary_large_image","twitter_misc":{"Escrito por":"Esperanza","Tiempo de lectura":"4 minutos"},"schema":{"@context":"https:\/\/schema.org","@graph":[{"@type":"Article","@id":"https:\/\/www.serrats.com\/recetas\/10-ideas-de-tostas-con-conservas-de-pescado-para-celebrar-el-dia-del-pan\/#article","isPartOf":{"@id":"https:\/\/www.serrats.com\/recetas\/10-ideas-de-tostas-con-conservas-de-pescado-para-celebrar-el-dia-del-pan\/"},"author":{"name":"Esperanza","@id":"https:\/\/www.serrats.com\/recetas\/#\/schema\/person\/e7c6d31fccdda786053f829cd52bfbe8"},"headline":"10 ideas de tostas con conservas de pescado para celebrar el D\u00eda del Pan","datePublished":"2021-10-15T08:28:13+00:00","dateModified":"2021-10-15T08:28:15+00:00","mainEntityOfPage":{"@id":"https:\/\/www.serrats.com\/recetas\/10-ideas-de-tostas-con-conservas-de-pescado-para-celebrar-el-dia-del-pan\/"},"wordCount":370,"commentCount":1,"publisher":{"@id":"https:\/\/www.serrats.com\/recetas\/#organization"},"image":{"@id":"https:\/\/www.serrats.com\/recetas\/10-ideas-de-tostas-con-conservas-de-pescado-para-celebrar-el-dia-del-pan\/#primaryimage"},"thumbnailUrl":"https:\/\/www.serrats.com\/recetas\/wp-content\/uploads\/2021\/10\/recetas-tostas-dia-pan.jpg","articleSection":["Noticias y curiosidades"],"inLanguage":"es","potentialAction":[{"@type":"CommentAction","name":"Comment","target":["https:\/\/www.serrats.com\/recetas\/10-ideas-de-tostas-con-conservas-de-pescado-para-celebrar-el-dia-del-pan\/#respond"]}]},{"@type":"WebPage","@id":"https:\/\/www.serrats.com\/recetas\/10-ideas-de-tostas-con-conservas-de-pescado-para-celebrar-el-dia-del-pan\/","url":"https:\/\/www.serrats.com\/recetas\/10-ideas-de-tostas-con-conservas-de-pescado-para-celebrar-el-dia-del-pan\/","name":"10 ideas de tostas con conservas de pescado para celebrar el D\u00eda del Pan - La Cocina de Serrats","isPartOf":{"@id":"https:\/\/www.serrats.com\/recetas\/#website"},"primaryImageOfPage":{"@id":"https:\/\/www.serrats.com\/recetas\/10-ideas-de-tostas-con-conservas-de-pescado-para-celebrar-el-dia-del-pan\/#primaryimage"},"image":{"@id":"https:\/\/www.serrats.com\/recetas\/10-ideas-de-tostas-con-conservas-de-pescado-para-celebrar-el-dia-del-pan\/#primaryimage"},"thumbnailUrl":"https:\/\/www.serrats.com\/recetas\/wp-content\/uploads\/2021\/10\/recetas-tostas-dia-pan.jpg","datePublished":"2021-10-15T08:28:13+00:00","dateModified":"2021-10-15T08:28:15+00:00","description":"Celebramos el D\u00eda Mundial del Pan con 10 ideas de tostas con conservas de pescado. \u00a1Desc\u00fabrelas!","breadcrumb":{"@id":"https:\/\/www.serrats.com\/recetas\/10-ideas-de-tostas-con-conservas-de-pescado-para-celebrar-el-dia-del-pan\/#breadcrumb"},"inLanguage":"es","potentialAction":[{"@type":"ReadAction","target":["https:\/\/www.serrats.com\/recetas\/10-ideas-de-tostas-con-conservas-de-pescado-para-celebrar-el-dia-del-pan\/"]}]},{"@type":"ImageObject","inLanguage":"es","@id":"https:\/\/www.serrats.com\/recetas\/10-ideas-de-tostas-con-conservas-de-pescado-para-celebrar-el-dia-del-pan\/#primaryimage","url":"https:\/\/www.serrats.com\/recetas\/wp-content\/uploads\/2021\/10\/recetas-tostas-dia-pan.jpg","contentUrl":"https:\/\/www.serrats.com\/recetas\/wp-content\/uploads\/2021\/10\/recetas-tostas-dia-pan.jpg","width":1920,"height":1233,"caption":"Tostadas de pan"},{"@type":"BreadcrumbList","@id":"https:\/\/www.serrats.com\/recetas\/10-ideas-de-tostas-con-conservas-de-pescado-para-celebrar-el-dia-del-pan\/#breadcrumb","itemListElement":[{"@type":"ListItem","position":1,"name":"Blog","item":"https:\/\/www.serrats.com\/recetas\/"},{"@type":"ListItem","position":2,"name":"Noticias y curiosidades","item":"https:\/\/www.serrats.com\/recetas\/noticias-y-curiosidades\/"},{"@type":"ListItem","position":3,"name":"10 ideas de tostas con conservas de pescado para celebrar el D\u00eda del Pan"}]},{"@type":"WebSite","@id":"https:\/\/www.serrats.com\/recetas\/#website","url":"https:\/\/www.serrats.com\/recetas\/","name":"La Cocina de Serrats","description":"","publisher":{"@id":"https:\/\/www.serrats.com\/recetas\/#organization"},"potentialAction":[{"@type":"SearchAction","target":{"@type":"EntryPoint","urlTemplate":"https:\/\/www.serrats.com\/recetas\/?s={search_term_string}"},"query-input":{"@type":"PropertyValueSpecification","valueRequired":true,"valueName":"search_term_string"}}],"inLanguage":"es"},{"@type":"Organization","@id":"https:\/\/www.serrats.com\/recetas\/#organization","name":"La Cocina de Serrats","url":"https:\/\/www.serrats.com\/recetas\/","logo":{"@type":"ImageObject","inLanguage":"es","@id":"https:\/\/www.serrats.com\/recetas\/#\/schema\/logo\/image\/","url":"https:\/\/www.serrats.com\/recetas\/wp-content\/uploads\/2023\/08\/serratslogo.svg","contentUrl":"https:\/\/www.serrats.com\/recetas\/wp-content\/uploads\/2023\/08\/serratslogo.svg","width":162,"height":72,"caption":"La Cocina de Serrats"},"image":{"@id":"https:\/\/www.serrats.com\/recetas\/#\/schema\/logo\/image\/"}},{"@type":"Person","@id":"https:\/\/www.serrats.com\/recetas\/#\/schema\/person\/e7c6d31fccdda786053f829cd52bfbe8","name":"Esperanza","image":{"@type":"ImageObject","inLanguage":"es","@id":"https:\/\/www.serrats.com\/recetas\/#\/schema\/person\/image\/","url":"https:\/\/secure.gravatar.com\/avatar\/88bd6a2ba5af667cd2d32fe55c2f40c33afa802b8ec957fd1c4552be5e05b421?s=96&d=mm&r=g","contentUrl":"https:\/\/secure.gravatar.com\/avatar\/88bd6a2ba5af667cd2d32fe55c2f40c33afa802b8ec957fd1c4552be5e05b421?s=96&d=mm&r=g","caption":"Esperanza"},"url":"https:\/\/www.serrats.com\/recetas\/author\/overalia\/"}]}},"_links":{"self":[{"href":"https:\/\/www.serrats.com\/recetas\/wp-json\/wp\/v2\/posts\/20331","targetHints":{"allow":["GET"]}}],"collection":[{"href":"https:\/\/www.serrats.com\/recetas\/wp-json\/wp\/v2\/posts"}],"about":[{"href":"https:\/\/www.serrats.com\/recetas\/wp-json\/wp\/v2\/types\/post"}],"author":[{"embeddable":true,"href":"https:\/\/www.serrats.com\/recetas\/wp-json\/wp\/v2\/users\/18"}],"replies":[{"embeddable":true,"href":"https:\/\/www.serrats.com\/recetas\/wp-json\/wp\/v2\/comments?post=20331"}],"version-history":[{"count":10,"href":"https:\/\/www.serrats.com\/recetas\/wp-json\/wp\/v2\/posts\/20331\/revisions"}],"predecessor-version":[{"id":20342,"href":"https:\/\/www.serrats.com\/recetas\/wp-json\/wp\/v2\/posts\/20331\/revisions\/20342"}],"wp:featuredmedia":[{"embeddable":true,"href":"https:\/\/www.serrats.com\/recetas\/wp-json\/wp\/v2\/media\/20332"}],"wp:attachment":[{"href":"https:\/\/www.serrats.com\/recetas\/wp-json\/wp\/v2\/media?parent=20331"}],"wp:term":[{"taxonomy":"category","embeddable":true,"href":"https:\/\/www.serrats.com\/recetas\/wp-json\/wp\/v2\/categories?post=20331"},{"taxonomy":"post_tag","embeddable":true,"href":"https:\/\/www.serrats.com\/recetas\/wp-json\/wp\/v2\/tags?post=20331"}],"curies":[{"name":"wp","href":"https:\/\/api.w.org\/{rel}","templated":true}]}}