{"id":21307,"date":"2022-08-18T09:28:07","date_gmt":"2022-08-18T07:28:07","guid":{"rendered":"https:\/\/serrats.com\/recetas\/?p=21307"},"modified":"2022-08-18T09:30:10","modified_gmt":"2022-08-18T07:30:10","slug":"pastel-frio-de-atun-o-ensalada-montada","status":"publish","type":"post","link":"https:\/\/www.serrats.com\/recetas\/pastel-frio-de-atun-o-ensalada-montada\/","title":{"rendered":"Pastel fr\u00edo de at\u00fan o ensalada montada"},"content":{"rendered":"<hr \/>\n<h2>Producto destacado<\/h2>\n<p><img fetchpriority=\"high\" decoding=\"async\" class=\"alignleft wp-image-21128 size-full\" src=\"https:\/\/serrats.com\/recetas\/wp-content\/uploads\/2022\/06\/atun-claro.jpg\" alt=\"Frasco de at\u00fan claro en aceite de oliva\" width=\"290\" height=\"232\" \/><\/p>\n<h3>Lomos de at\u00fan claro en aceite de oliva<\/h3>\n<p>Si te ha gustado la receta, puedes prepararla en casa con el at\u00fan claro que encontrar\u00e1s en nuestra tienda online.<\/p>\n<p>[button url=\u00bbhttps:\/\/www.serrats.com\/es\/lomos-atun-frasco-212g\u00bb color=\u00bbcolor\u00bb customcolor=\u00bb\u00bb iconcolor=\u00bbwhite\u00bb target=\u00bb_blank\u00bb custom_class=\u00bb\u00bb ]Comprar[\/button]<\/p>\n","protected":false},"excerpt":{"rendered":"<p>Producto destacado Lomos de at\u00fan claro en aceite de oliva Si te ha gustado la receta, puedes prepararla en casa con el at\u00fan claro que encontrar\u00e1s en nuestra tienda online. [button url=\u00bbhttps:\/\/www.serrats.com\/es\/lomos-atun-frasco-212g\u00bb color=\u00bbcolor\u00bb customcolor=\u00bb\u00bb iconcolor=\u00bbwhite\u00bb target=\u00bb_blank\u00bb custom_class=\u00bb\u00bb ]Comprar[\/button]<\/p>\n","protected":false},"author":18,"featured_media":21308,"comment_status":"open","ping_status":"open","sticky":false,"template":"","format":"standard","meta":{"_acf_changed":false,"footnotes":""},"categories":[7,4],"tags":[3476],"class_list":["post-21307","post","type-post","status-publish","format-standard","has-post-thumbnail","hentry","category-atun-claro","category-recetas","tag-nuevas","ingredients-aceitunas-negras","ingredients-aceitunas-rellenas","ingredients-atun-en-aceite-de-oliva","ingredients-cogollos-de-tudeala","ingredients-cogollos-de-tudela","ingredients-gambitas-arroceras-o-de-huelva","ingredients-huevos-cocidos","ingredients-mahonesa-light","ingredients-maiz","ingredients-palitos-de-cangrejo","ingredients-pan-tramezzino","ingredients-pimiento-morron"],"acf":[],"yoast_head":"<!-- This site is optimized with the Yoast SEO plugin v25.6 - https:\/\/yoast.com\/wordpress\/plugins\/seo\/ -->\n<title>Pastel fr\u00edo de at\u00fan o ensalada montada - La Cocina de Serrats<\/title>\n<meta name=\"description\" content=\"Descubre esta ensaladilla montada en forma de pastel fr\u00edo de at\u00fan. Una receta muy sencilla que puedes tener preparada con antelaci\u00f3n.\" \/>\n<meta name=\"robots\" content=\"index, follow, max-snippet:-1, max-image-preview:large, max-video-preview:-1\" \/>\n<link rel=\"canonical\" href=\"https:\/\/serrats.com\/recetas\/pastel-frio-de-atun-o-ensalada-montada\/\" \/>\n<meta property=\"og:locale\" content=\"es_ES\" \/>\n<meta property=\"og:type\" content=\"article\" \/>\n<meta property=\"og:title\" content=\"Pastel fr\u00edo de at\u00fan o ensalada montada - La Cocina de Serrats\" \/>\n<meta property=\"og:description\" content=\"Descubre esta ensaladilla montada en forma de pastel fr\u00edo de at\u00fan. Una receta muy sencilla que puedes tener preparada con antelaci\u00f3n.\" \/>\n<meta property=\"og:url\" content=\"https:\/\/serrats.com\/recetas\/pastel-frio-de-atun-o-ensalada-montada\/\" \/>\n<meta property=\"og:site_name\" content=\"La Cocina de Serrats\" \/>\n<meta property=\"article:published_time\" content=\"2022-08-18T07:28:07+00:00\" \/>\n<meta property=\"article:modified_time\" content=\"2022-08-18T07:30:10+00:00\" \/>\n<meta property=\"og:image\" content=\"https:\/\/www.serrats.com\/recetas\/wp-content\/uploads\/2022\/08\/ensalada-fria-atun.jpg\" \/>\n\t<meta property=\"og:image:width\" content=\"1920\" \/>\n\t<meta property=\"og:image:height\" content=\"864\" \/>\n\t<meta property=\"og:image:type\" content=\"image\/jpeg\" \/>\n<meta name=\"author\" content=\"Esperanza\" \/>\n<meta name=\"twitter:card\" content=\"summary_large_image\" \/>\n<meta name=\"twitter:label1\" content=\"Escrito por\" \/>\n\t<meta name=\"twitter:data1\" content=\"Esperanza\" \/>\n<script type=\"application\/ld+json\" class=\"yoast-schema-graph\">{\"@context\":\"https:\/\/schema.org\",\"@graph\":[{\"@type\":\"Article\",\"@id\":\"https:\/\/serrats.com\/recetas\/pastel-frio-de-atun-o-ensalada-montada\/#article\",\"isPartOf\":{\"@id\":\"https:\/\/www.serrats.com\/recetas\/pastel-frio-de-atun-o-ensalada-montada\/\"},\"author\":{\"name\":\"Esperanza\",\"@id\":\"https:\/\/www.serrats.com\/recetas\/#\/schema\/person\/e7c6d31fccdda786053f829cd52bfbe8\"},\"headline\":\"Pastel fr\u00edo de at\u00fan o ensalada montada\",\"datePublished\":\"2022-08-18T07:28:07+00:00\",\"dateModified\":\"2022-08-18T07:30:10+00:00\",\"mainEntityOfPage\":{\"@id\":\"https:\/\/www.serrats.com\/recetas\/pastel-frio-de-atun-o-ensalada-montada\/\"},\"wordCount\":62,\"commentCount\":0,\"publisher\":{\"@id\":\"https:\/\/www.serrats.com\/recetas\/#organization\"},\"image\":{\"@id\":\"https:\/\/serrats.com\/recetas\/pastel-frio-de-atun-o-ensalada-montada\/#primaryimage\"},\"thumbnailUrl\":\"https:\/\/www.serrats.com\/recetas\/wp-content\/uploads\/2022\/08\/ensalada-fria-atun.jpg\",\"keywords\":[\"nuevas\"],\"articleSection\":[\"Recetas con at\u00fan claro\",\"Recetas con sabor a mar\"],\"inLanguage\":\"es\",\"potentialAction\":[{\"@type\":\"CommentAction\",\"name\":\"Comment\",\"target\":[\"https:\/\/serrats.com\/recetas\/pastel-frio-de-atun-o-ensalada-montada\/#respond\"]}]},{\"@type\":\"WebPage\",\"@id\":\"https:\/\/www.serrats.com\/recetas\/pastel-frio-de-atun-o-ensalada-montada\/\",\"url\":\"https:\/\/serrats.com\/recetas\/pastel-frio-de-atun-o-ensalada-montada\/\",\"name\":\"Pastel fr\u00edo de at\u00fan o ensalada montada - La Cocina de Serrats\",\"isPartOf\":{\"@id\":\"https:\/\/www.serrats.com\/recetas\/#website\"},\"primaryImageOfPage\":{\"@id\":\"https:\/\/serrats.com\/recetas\/pastel-frio-de-atun-o-ensalada-montada\/#primaryimage\"},\"image\":{\"@id\":\"https:\/\/serrats.com\/recetas\/pastel-frio-de-atun-o-ensalada-montada\/#primaryimage\"},\"thumbnailUrl\":\"https:\/\/www.serrats.com\/recetas\/wp-content\/uploads\/2022\/08\/ensalada-fria-atun.jpg\",\"datePublished\":\"2022-08-18T07:28:07+00:00\",\"dateModified\":\"2022-08-18T07:30:10+00:00\",\"description\":\"Descubre esta ensaladilla montada en forma de pastel fr\u00edo de at\u00fan. Una receta muy sencilla que puedes tener preparada con antelaci\u00f3n.\",\"breadcrumb\":{\"@id\":\"https:\/\/serrats.com\/recetas\/pastel-frio-de-atun-o-ensalada-montada\/#breadcrumb\"},\"inLanguage\":\"es\",\"potentialAction\":[{\"@type\":\"ReadAction\",\"target\":[\"https:\/\/serrats.com\/recetas\/pastel-frio-de-atun-o-ensalada-montada\/\"]}]},{\"@type\":\"ImageObject\",\"inLanguage\":\"es\",\"@id\":\"https:\/\/serrats.com\/recetas\/pastel-frio-de-atun-o-ensalada-montada\/#primaryimage\",\"url\":\"https:\/\/www.serrats.com\/recetas\/wp-content\/uploads\/2022\/08\/ensalada-fria-atun.jpg\",\"contentUrl\":\"https:\/\/www.serrats.com\/recetas\/wp-content\/uploads\/2022\/08\/ensalada-fria-atun.jpg\",\"width\":1920,\"height\":864,\"caption\":\"Pastel fr\u00edo de at\u00fan o ensalada montada\"},{\"@type\":\"BreadcrumbList\",\"@id\":\"https:\/\/serrats.com\/recetas\/pastel-frio-de-atun-o-ensalada-montada\/#breadcrumb\",\"itemListElement\":[{\"@type\":\"ListItem\",\"position\":1,\"name\":\"Blog\",\"item\":\"https:\/\/www.serrats.com\/recetas\/\"},{\"@type\":\"ListItem\",\"position\":2,\"name\":\"Recetas con sabor a mar\",\"item\":\"https:\/\/www.serrats.com\/recetas\/recetas\/\"},{\"@type\":\"ListItem\",\"position\":3,\"name\":\"Pastel fr\u00edo de at\u00fan o ensalada montada\"}]},{\"@type\":\"WebSite\",\"@id\":\"https:\/\/www.serrats.com\/recetas\/#website\",\"url\":\"https:\/\/www.serrats.com\/recetas\/\",\"name\":\"La Cocina de Serrats\",\"description\":\"\",\"publisher\":{\"@id\":\"https:\/\/www.serrats.com\/recetas\/#organization\"},\"potentialAction\":[{\"@type\":\"SearchAction\",\"target\":{\"@type\":\"EntryPoint\",\"urlTemplate\":\"https:\/\/www.serrats.com\/recetas\/?s={search_term_string}\"},\"query-input\":{\"@type\":\"PropertyValueSpecification\",\"valueRequired\":true,\"valueName\":\"search_term_string\"}}],\"inLanguage\":\"es\"},{\"@type\":\"Organization\",\"@id\":\"https:\/\/www.serrats.com\/recetas\/#organization\",\"name\":\"La Cocina de Serrats\",\"url\":\"https:\/\/www.serrats.com\/recetas\/\",\"logo\":{\"@type\":\"ImageObject\",\"inLanguage\":\"es\",\"@id\":\"https:\/\/www.serrats.com\/recetas\/#\/schema\/logo\/image\/\",\"url\":\"https:\/\/www.serrats.com\/recetas\/wp-content\/uploads\/2023\/08\/serratslogo.svg\",\"contentUrl\":\"https:\/\/www.serrats.com\/recetas\/wp-content\/uploads\/2023\/08\/serratslogo.svg\",\"width\":162,\"height\":72,\"caption\":\"La Cocina de Serrats\"},\"image\":{\"@id\":\"https:\/\/www.serrats.com\/recetas\/#\/schema\/logo\/image\/\"}},{\"@type\":\"Person\",\"@id\":\"https:\/\/www.serrats.com\/recetas\/#\/schema\/person\/e7c6d31fccdda786053f829cd52bfbe8\",\"name\":\"Esperanza\",\"image\":{\"@type\":\"ImageObject\",\"inLanguage\":\"es\",\"@id\":\"https:\/\/www.serrats.com\/recetas\/#\/schema\/person\/image\/\",\"url\":\"https:\/\/secure.gravatar.com\/avatar\/88bd6a2ba5af667cd2d32fe55c2f40c33afa802b8ec957fd1c4552be5e05b421?s=96&d=mm&r=g\",\"contentUrl\":\"https:\/\/secure.gravatar.com\/avatar\/88bd6a2ba5af667cd2d32fe55c2f40c33afa802b8ec957fd1c4552be5e05b421?s=96&d=mm&r=g\",\"caption\":\"Esperanza\"},\"url\":\"https:\/\/www.serrats.com\/recetas\/author\/overalia\/\"}]}<\/script>\n<!-- \/ Yoast SEO plugin. -->","yoast_head_json":{"title":"Pastel fr\u00edo de at\u00fan o ensalada montada - La Cocina de Serrats","description":"Descubre esta ensaladilla montada en forma de pastel fr\u00edo de at\u00fan. Una receta muy sencilla que puedes tener preparada con antelaci\u00f3n.","robots":{"index":"index","follow":"follow","max-snippet":"max-snippet:-1","max-image-preview":"max-image-preview:large","max-video-preview":"max-video-preview:-1"},"canonical":"https:\/\/serrats.com\/recetas\/pastel-frio-de-atun-o-ensalada-montada\/","og_locale":"es_ES","og_type":"article","og_title":"Pastel fr\u00edo de at\u00fan o ensalada montada - La Cocina de Serrats","og_description":"Descubre esta ensaladilla montada en forma de pastel fr\u00edo de at\u00fan. Una receta muy sencilla que puedes tener preparada con antelaci\u00f3n.","og_url":"https:\/\/serrats.com\/recetas\/pastel-frio-de-atun-o-ensalada-montada\/","og_site_name":"La Cocina de Serrats","article_published_time":"2022-08-18T07:28:07+00:00","article_modified_time":"2022-08-18T07:30:10+00:00","og_image":[{"width":1920,"height":864,"url":"https:\/\/www.serrats.com\/recetas\/wp-content\/uploads\/2022\/08\/ensalada-fria-atun.jpg","type":"image\/jpeg"}],"author":"Esperanza","twitter_card":"summary_large_image","twitter_misc":{"Escrito por":"Esperanza"},"schema":{"@context":"https:\/\/schema.org","@graph":[{"@type":"Article","@id":"https:\/\/serrats.com\/recetas\/pastel-frio-de-atun-o-ensalada-montada\/#article","isPartOf":{"@id":"https:\/\/www.serrats.com\/recetas\/pastel-frio-de-atun-o-ensalada-montada\/"},"author":{"name":"Esperanza","@id":"https:\/\/www.serrats.com\/recetas\/#\/schema\/person\/e7c6d31fccdda786053f829cd52bfbe8"},"headline":"Pastel fr\u00edo de at\u00fan o ensalada montada","datePublished":"2022-08-18T07:28:07+00:00","dateModified":"2022-08-18T07:30:10+00:00","mainEntityOfPage":{"@id":"https:\/\/www.serrats.com\/recetas\/pastel-frio-de-atun-o-ensalada-montada\/"},"wordCount":62,"commentCount":0,"publisher":{"@id":"https:\/\/www.serrats.com\/recetas\/#organization"},"image":{"@id":"https:\/\/serrats.com\/recetas\/pastel-frio-de-atun-o-ensalada-montada\/#primaryimage"},"thumbnailUrl":"https:\/\/www.serrats.com\/recetas\/wp-content\/uploads\/2022\/08\/ensalada-fria-atun.jpg","keywords":["nuevas"],"articleSection":["Recetas con at\u00fan claro","Recetas con sabor a mar"],"inLanguage":"es","potentialAction":[{"@type":"CommentAction","name":"Comment","target":["https:\/\/serrats.com\/recetas\/pastel-frio-de-atun-o-ensalada-montada\/#respond"]}]},{"@type":"WebPage","@id":"https:\/\/www.serrats.com\/recetas\/pastel-frio-de-atun-o-ensalada-montada\/","url":"https:\/\/serrats.com\/recetas\/pastel-frio-de-atun-o-ensalada-montada\/","name":"Pastel fr\u00edo de at\u00fan o ensalada montada - La Cocina de Serrats","isPartOf":{"@id":"https:\/\/www.serrats.com\/recetas\/#website"},"primaryImageOfPage":{"@id":"https:\/\/serrats.com\/recetas\/pastel-frio-de-atun-o-ensalada-montada\/#primaryimage"},"image":{"@id":"https:\/\/serrats.com\/recetas\/pastel-frio-de-atun-o-ensalada-montada\/#primaryimage"},"thumbnailUrl":"https:\/\/www.serrats.com\/recetas\/wp-content\/uploads\/2022\/08\/ensalada-fria-atun.jpg","datePublished":"2022-08-18T07:28:07+00:00","dateModified":"2022-08-18T07:30:10+00:00","description":"Descubre esta ensaladilla montada en forma de pastel fr\u00edo de at\u00fan. Una receta muy sencilla que puedes tener preparada con antelaci\u00f3n.","breadcrumb":{"@id":"https:\/\/serrats.com\/recetas\/pastel-frio-de-atun-o-ensalada-montada\/#breadcrumb"},"inLanguage":"es","potentialAction":[{"@type":"ReadAction","target":["https:\/\/serrats.com\/recetas\/pastel-frio-de-atun-o-ensalada-montada\/"]}]},{"@type":"ImageObject","inLanguage":"es","@id":"https:\/\/serrats.com\/recetas\/pastel-frio-de-atun-o-ensalada-montada\/#primaryimage","url":"https:\/\/www.serrats.com\/recetas\/wp-content\/uploads\/2022\/08\/ensalada-fria-atun.jpg","contentUrl":"https:\/\/www.serrats.com\/recetas\/wp-content\/uploads\/2022\/08\/ensalada-fria-atun.jpg","width":1920,"height":864,"caption":"Pastel fr\u00edo de at\u00fan o ensalada montada"},{"@type":"BreadcrumbList","@id":"https:\/\/serrats.com\/recetas\/pastel-frio-de-atun-o-ensalada-montada\/#breadcrumb","itemListElement":[{"@type":"ListItem","position":1,"name":"Blog","item":"https:\/\/www.serrats.com\/recetas\/"},{"@type":"ListItem","position":2,"name":"Recetas con sabor a mar","item":"https:\/\/www.serrats.com\/recetas\/recetas\/"},{"@type":"ListItem","position":3,"name":"Pastel fr\u00edo de at\u00fan o ensalada montada"}]},{"@type":"WebSite","@id":"https:\/\/www.serrats.com\/recetas\/#website","url":"https:\/\/www.serrats.com\/recetas\/","name":"La Cocina de Serrats","description":"","publisher":{"@id":"https:\/\/www.serrats.com\/recetas\/#organization"},"potentialAction":[{"@type":"SearchAction","target":{"@type":"EntryPoint","urlTemplate":"https:\/\/www.serrats.com\/recetas\/?s={search_term_string}"},"query-input":{"@type":"PropertyValueSpecification","valueRequired":true,"valueName":"search_term_string"}}],"inLanguage":"es"},{"@type":"Organization","@id":"https:\/\/www.serrats.com\/recetas\/#organization","name":"La Cocina de Serrats","url":"https:\/\/www.serrats.com\/recetas\/","logo":{"@type":"ImageObject","inLanguage":"es","@id":"https:\/\/www.serrats.com\/recetas\/#\/schema\/logo\/image\/","url":"https:\/\/www.serrats.com\/recetas\/wp-content\/uploads\/2023\/08\/serratslogo.svg","contentUrl":"https:\/\/www.serrats.com\/recetas\/wp-content\/uploads\/2023\/08\/serratslogo.svg","width":162,"height":72,"caption":"La Cocina de Serrats"},"image":{"@id":"https:\/\/www.serrats.com\/recetas\/#\/schema\/logo\/image\/"}},{"@type":"Person","@id":"https:\/\/www.serrats.com\/recetas\/#\/schema\/person\/e7c6d31fccdda786053f829cd52bfbe8","name":"Esperanza","image":{"@type":"ImageObject","inLanguage":"es","@id":"https:\/\/www.serrats.com\/recetas\/#\/schema\/person\/image\/","url":"https:\/\/secure.gravatar.com\/avatar\/88bd6a2ba5af667cd2d32fe55c2f40c33afa802b8ec957fd1c4552be5e05b421?s=96&d=mm&r=g","contentUrl":"https:\/\/secure.gravatar.com\/avatar\/88bd6a2ba5af667cd2d32fe55c2f40c33afa802b8ec957fd1c4552be5e05b421?s=96&d=mm&r=g","caption":"Esperanza"},"url":"https:\/\/www.serrats.com\/recetas\/author\/overalia\/"}]}},"_links":{"self":[{"href":"https:\/\/www.serrats.com\/recetas\/wp-json\/wp\/v2\/posts\/21307","targetHints":{"allow":["GET"]}}],"collection":[{"href":"https:\/\/www.serrats.com\/recetas\/wp-json\/wp\/v2\/posts"}],"about":[{"href":"https:\/\/www.serrats.com\/recetas\/wp-json\/wp\/v2\/types\/post"}],"author":[{"embeddable":true,"href":"https:\/\/www.serrats.com\/recetas\/wp-json\/wp\/v2\/users\/18"}],"replies":[{"embeddable":true,"href":"https:\/\/www.serrats.com\/recetas\/wp-json\/wp\/v2\/comments?post=21307"}],"version-history":[{"count":1,"href":"https:\/\/www.serrats.com\/recetas\/wp-json\/wp\/v2\/posts\/21307\/revisions"}],"predecessor-version":[{"id":21309,"href":"https:\/\/www.serrats.com\/recetas\/wp-json\/wp\/v2\/posts\/21307\/revisions\/21309"}],"wp:featuredmedia":[{"embeddable":true,"href":"https:\/\/www.serrats.com\/recetas\/wp-json\/wp\/v2\/media\/21308"}],"wp:attachment":[{"href":"https:\/\/www.serrats.com\/recetas\/wp-json\/wp\/v2\/media?parent=21307"}],"wp:term":[{"taxonomy":"category","embeddable":true,"href":"https:\/\/www.serrats.com\/recetas\/wp-json\/wp\/v2\/categories?post=21307"},{"taxonomy":"post_tag","embeddable":true,"href":"https:\/\/www.serrats.com\/recetas\/wp-json\/wp\/v2\/tags?post=21307"}],"curies":[{"name":"wp","href":"https:\/\/api.w.org\/{rel}","templated":true}]}}