{"id":25037,"date":"2026-03-09T11:04:32","date_gmt":"2026-03-09T10:04:32","guid":{"rendered":"https:\/\/www.serrats.com\/recetas\/?p=25037"},"modified":"2026-03-18T13:07:08","modified_gmt":"2026-03-18T12:07:08","slug":"conservas-serrats-gana-plata-en-premios-aebrand","status":"publish","type":"post","link":"https:\/\/www.serrats.com\/recetas\/conservas-serrats-gana-plata-en-premios-aebrand\/","title":{"rendered":"Conservas Serrats gana la Plata en los Premios AEBRAND"},"content":{"rendered":"\t\t<div data-elementor-type=\"wp-post\" data-elementor-id=\"25037\" class=\"elementor elementor-25037\" data-elementor-post-type=\"post\">\n\t\t\t\t<div class=\"elementor-element elementor-element-9ac5e37 e-flex e-con-boxed e-con e-parent\" data-id=\"9ac5e37\" data-element_type=\"container\">\n\t\t\t\t\t<div class=\"e-con-inner\">\n\t\t<div class=\"elementor-element elementor-element-4a0e924 e-con-full e-flex e-con e-child\" data-id=\"4a0e924\" data-element_type=\"container\">\n\t\t\t\t<div class=\"elementor-element elementor-element-be03930 elementor-widget elementor-widget-image\" data-id=\"be03930\" data-element_type=\"widget\" data-widget_type=\"image.default\">\n\t\t\t\t<div class=\"elementor-widget-container\">\n\t\t\t\t\t\t\t\t\t\t\t\t\t\t\t<img decoding=\"async\" src=\"https:\/\/www.serrats.com\/recetas\/wp-content\/uploads\/elementor\/thumbs\/Premios-Aebrand-e1773050217140-rk8zp3nwb03zcp8040of1ii5bx35dn7s0h9dp7qxl4.jpg\" title=\"Premios Aebrand\" alt=\"Premios Aebrand\" loading=\"lazy\" \/>\t\t\t\t\t\t\t\t\t\t\t\t\t\t\t<\/div>\n\t\t\t\t<\/div>\n\t\t\t\t<\/div>\n\t\t\t\t<div class=\"elementor-element elementor-element-6b639c7 elementor-widget elementor-widget-text-editor\" data-id=\"6b639c7\" data-element_type=\"widget\" data-widget_type=\"text-editor.default\">\n\t\t\t\t<div class=\"elementor-widget-container\">\n\t\t\t\t\t\t\t\t\t<p data-start=\"66\" data-end=\"296\">En Conservas Serrats estamos de enhorabuena. Nuestro trabajo para seguir construyendo y fortaleciendo la marca ha sido reconocido con <strong data-start=\"200\" data-end=\"250\">Plata en la III edici\u00f3n de los <a href=\"https:\/\/www.premiosaebrand.org\">Premios AEBRAND<\/a><\/strong>, dentro de la categor\u00eda <strong data-start=\"275\" data-end=\"295\">Digital Branding<\/strong>.<\/p><p data-start=\"298\" data-end=\"587\">Hace solo unos d\u00edas compart\u00edamos con ilusi\u00f3n que hab\u00edamos sido seleccionados como <strong data-start=\"380\" data-end=\"394\">finalistas<\/strong> entre los mejores proyectos de la categor\u00eda. El jurado hab\u00eda valorado nuestro trabajo y lo hab\u00eda situado entre las iniciativas m\u00e1s destacadas, lo que ya supon\u00eda un orgullo para todo el equipo.<\/p><p data-start=\"589\" data-end=\"907\">La gala, celebrada en <strong data-start=\"611\" data-end=\"632\">CaixaForum Madrid<\/strong>, fue el momento de conocer el resultado final. Y hoy podemos decir con alegr\u00eda que ese reconocimiento se ha materializado en <strong data-start=\"758\" data-end=\"777\">un Premio Plata<\/strong>, un logro que pone en valor todo el trabajo realizado para impulsar y proyectar la marca Conservas Serrats en el entorno digital.<\/p><p data-start=\"909\" data-end=\"1241\">Este premio nos hace una ilusi\u00f3n especial porque refleja un proceso en el que <strong data-start=\"987\" data-end=\"1031\">tradici\u00f3n y evoluci\u00f3n caminan de la mano<\/strong>. Seguimos fieles a nuestra esencia \u2014la calidad y el saber hacer en nuestras conservas de pescado\u2014 mientras trabajamos para que la marca contin\u00fae creciendo, conectando con nuevas audiencias y mirando al futuro.<\/p><p data-start=\"1243\" data-end=\"1468\">Nada de esto ser\u00eda posible sin el <strong data-start=\"1277\" data-end=\"1334\">esfuerzo, la pasi\u00f3n y el compromiso de todo el equipo<\/strong>, as\u00ed como la colaboraci\u00f3n de las personas y profesionales que trabajan junto a nosotros para seguir fortaleciendo la marca d\u00eda a d\u00eda.<\/p><p data-start=\"1470\" data-end=\"1655\">Tambi\u00e9n queremos agradecer al jurado de los <strong data-start=\"1514\" data-end=\"1533\">Premios AEBRAND<\/strong> este reconocimiento y, por supuesto, a todas las personas que conf\u00edan en Conservas Serrats y forman parte de este camino.<\/p><p data-start=\"1657\" data-end=\"1844\">Este premio es un impulso para seguir haciendo lo que m\u00e1s nos gusta: <strong data-start=\"1726\" data-end=\"1843\">compartir nuestra pasi\u00f3n por las conservas de pescado y seguir construyendo marca con la misma ilusi\u00f3n de siempre<\/strong>.<\/p><p data-start=\"107\" data-end=\"336\">Para terminar, os dejamos aqu\u00ed debajo algunas <em><strong data-start=\"141\" data-end=\"166\">Historias en Conserva<\/strong><\/em> para que pod\u00e1is disfrutarlas. Peque\u00f1os momentos que reflejan lo que hay detr\u00e1s de nuestra marca: tradici\u00f3n, calidad y muchas personas que forman parte de este camino.<\/p><p data-start=\"343\" data-end=\"537\">Y si quer\u00e9is verlas todas, pod\u00e9is encontrarlas tambi\u00e9n en nuestro <a href=\"https:\/\/www.instagram.com\/serratsconservas\/reels\/\"><strong data-start=\"409\" data-end=\"422\">Instagram<\/strong><\/a> y en nuestro canal de<strong data-start=\"436\" data-end=\"456\"><a href=\"https:\/\/www.youtube.com\/watch?v=rEaObgvDZwQ&amp;list=PLdhtFT9qpzNwkwv7WgosQZ7DaEaaS9UmQ\">YouTube<\/a><\/strong>, donde seguimos compartiendo nuevos proyectos y contenidos de Conservas Serrats.<\/p>\t\t\t\t\t\t\t\t<\/div>\n\t\t\t\t<\/div>\n\t\t\t\t\t<\/div>\n\t\t\t\t<\/div>\n\t\t<div class=\"elementor-element elementor-element-92a3991 e-flex e-con-boxed e-con e-parent\" data-id=\"92a3991\" data-element_type=\"container\">\n\t\t\t\t\t<div class=\"e-con-inner\">\n\t\t\t\t<div class=\"elementor-element elementor-element-745fcd2 elementor-widget elementor-widget-video\" data-id=\"745fcd2\" data-element_type=\"widget\" data-settings=\"{&quot;youtube_url&quot;:&quot;https:\\\/\\\/youtube.com\\\/shorts\\\/gkje07UWG7c?si=ZtJYW3BSCDiLx79W&quot;,&quot;video_type&quot;:&quot;youtube&quot;,&quot;controls&quot;:&quot;yes&quot;}\" data-widget_type=\"video.default\">\n\t\t\t\t<div class=\"elementor-widget-container\">\n\t\t\t\t\t\t\t<div class=\"elementor-wrapper elementor-open-inline\">\n\t\t\t<div class=\"elementor-video\"><\/div>\t\t<\/div>\n\t\t\t\t\t\t<\/div>\n\t\t\t\t<\/div>\n\t\t\t\t\t<\/div>\n\t\t\t\t<\/div>\n\t\t<div class=\"elementor-element elementor-element-32161ba e-flex e-con-boxed e-con e-parent\" data-id=\"32161ba\" data-element_type=\"container\">\n\t\t\t\t\t<div class=\"e-con-inner\">\n\t\t\t\t<div class=\"elementor-element elementor-element-49fece1 elementor-widget elementor-widget-video\" data-id=\"49fece1\" data-element_type=\"widget\" data-settings=\"{&quot;youtube_url&quot;:&quot;https:\\\/\\\/youtube.com\\\/shorts\\\/pO1lOLFwp4I?si=rhrPRc95TGsDQqP6&quot;,&quot;video_type&quot;:&quot;youtube&quot;,&quot;controls&quot;:&quot;yes&quot;}\" data-widget_type=\"video.default\">\n\t\t\t\t<div class=\"elementor-widget-container\">\n\t\t\t\t\t\t\t<div class=\"elementor-wrapper elementor-open-inline\">\n\t\t\t<div class=\"elementor-video\"><\/div>\t\t<\/div>\n\t\t\t\t\t\t<\/div>\n\t\t\t\t<\/div>\n\t\t\t\t\t<\/div>\n\t\t\t\t<\/div>\n\t\t<div class=\"elementor-element elementor-element-1f670a0 e-flex e-con-boxed e-con e-parent\" data-id=\"1f670a0\" data-element_type=\"container\">\n\t\t\t\t\t<div class=\"e-con-inner\">\n\t\t\t\t<div class=\"elementor-element elementor-element-3f1886c elementor-widget elementor-widget-video\" data-id=\"3f1886c\" data-element_type=\"widget\" data-settings=\"{&quot;youtube_url&quot;:&quot;https:\\\/\\\/youtube.com\\\/shorts\\\/9Le6h1HTPt0?si=85fFwH6ISurF31a2&quot;,&quot;video_type&quot;:&quot;youtube&quot;,&quot;controls&quot;:&quot;yes&quot;}\" data-widget_type=\"video.default\">\n\t\t\t\t<div class=\"elementor-widget-container\">\n\t\t\t\t\t\t\t<div class=\"elementor-wrapper elementor-open-inline\">\n\t\t\t<div class=\"elementor-video\"><\/div>\t\t<\/div>\n\t\t\t\t\t\t<\/div>\n\t\t\t\t<\/div>\n\t\t\t\t\t<\/div>\n\t\t\t\t<\/div>\n\t\t<div class=\"elementor-element elementor-element-8f7b49a e-flex e-con-boxed e-con e-parent\" data-id=\"8f7b49a\" data-element_type=\"container\">\n\t\t\t\t\t<div class=\"e-con-inner\">\n\t\t\t\t<div class=\"elementor-element elementor-element-e12d41c elementor-widget elementor-widget-video\" data-id=\"e12d41c\" data-element_type=\"widget\" data-settings=\"{&quot;youtube_url&quot;:&quot;https:\\\/\\\/youtube.com\\\/shorts\\\/klq_cQXt9sc?si=ElrUAH-_hfaG_5n6&quot;,&quot;video_type&quot;:&quot;youtube&quot;,&quot;controls&quot;:&quot;yes&quot;}\" data-widget_type=\"video.default\">\n\t\t\t\t<div class=\"elementor-widget-container\">\n\t\t\t\t\t\t\t<div class=\"elementor-wrapper elementor-open-inline\">\n\t\t\t<div class=\"elementor-video\"><\/div>\t\t<\/div>\n\t\t\t\t\t\t<\/div>\n\t\t\t\t<\/div>\n\t\t\t\t\t<\/div>\n\t\t\t\t<\/div>\n\t\t\t\t<\/div>\n\t\t","protected":false},"excerpt":{"rendered":"<p>En Conservas Serrats estamos de enhorabuena. Nuestro trabajo para seguir construyendo y fortaleciendo la marca ha sido reconocido con Plata en la III edici\u00f3n de los Premios AEBRAND, dentro de la categor\u00eda Digital Branding. Hace solo unos d\u00edas compart\u00edamos con ilusi\u00f3n que hab\u00edamos sido seleccionados como finalistas entre los mejores proyectos de la categor\u00eda. El [&hellip;]<\/p>\n","protected":false},"author":18,"featured_media":25051,"comment_status":"open","ping_status":"open","sticky":false,"template":"","format":"standard","meta":{"_acf_changed":false,"footnotes":""},"categories":[11],"tags":[],"class_list":["post-25037","post","type-post","status-publish","format-standard","has-post-thumbnail","hentry","category-noticias-y-curiosidades"],"acf":[],"yoast_head":"<!-- This site is optimized with the Yoast SEO plugin v25.6 - https:\/\/yoast.com\/wordpress\/plugins\/seo\/ -->\n<title>Conservas Serrats gana la Plata en los Premios AEBRAND - La Cocina de Serrats<\/title>\n<meta name=\"description\" content=\"Conservas Serrats gana Plata en los Premios AEBRAND en Digital Branding, un reconocimiento al trabajo de evoluci\u00f3n y construcci\u00f3n de la marca.\" \/>\n<meta name=\"robots\" content=\"index, follow, max-snippet:-1, max-image-preview:large, max-video-preview:-1\" \/>\n<link rel=\"canonical\" href=\"https:\/\/www.serrats.com\/recetas\/conservas-serrats-gana-plata-en-premios-aebrand\/\" \/>\n<meta property=\"og:locale\" content=\"es_ES\" \/>\n<meta property=\"og:type\" content=\"article\" \/>\n<meta property=\"og:title\" content=\"Conservas Serrats gana la Plata en los Premios AEBRAND - La Cocina de Serrats\" \/>\n<meta property=\"og:description\" content=\"Conservas Serrats gana Plata en los Premios AEBRAND en Digital Branding, un reconocimiento al trabajo de evoluci\u00f3n y construcci\u00f3n de la marca.\" \/>\n<meta property=\"og:url\" content=\"https:\/\/www.serrats.com\/recetas\/conservas-serrats-gana-plata-en-premios-aebrand\/\" \/>\n<meta property=\"og:site_name\" content=\"La Cocina de Serrats\" \/>\n<meta property=\"article:published_time\" content=\"2026-03-09T10:04:32+00:00\" \/>\n<meta property=\"article:modified_time\" content=\"2026-03-18T12:07:08+00:00\" \/>\n<meta property=\"og:image\" content=\"https:\/\/www.serrats.com\/recetas\/wp-content\/uploads\/2026\/03\/Premios-Aebrand-1-e1773050659470.jpg\" \/>\n\t<meta property=\"og:image:width\" content=\"1536\" \/>\n\t<meta property=\"og:image:height\" content=\"1710\" \/>\n\t<meta property=\"og:image:type\" content=\"image\/jpeg\" \/>\n<meta name=\"author\" content=\"Esperanza\" \/>\n<meta name=\"twitter:card\" content=\"summary_large_image\" \/>\n<meta name=\"twitter:label1\" content=\"Escrito por\" \/>\n\t<meta name=\"twitter:data1\" content=\"Esperanza\" \/>\n\t<meta name=\"twitter:label2\" content=\"Tiempo de lectura\" \/>\n\t<meta name=\"twitter:data2\" content=\"2 minutos\" \/>\n<script type=\"application\/ld+json\" class=\"yoast-schema-graph\">{\"@context\":\"https:\/\/schema.org\",\"@graph\":[{\"@type\":\"Article\",\"@id\":\"https:\/\/www.serrats.com\/recetas\/conservas-serrats-gana-plata-en-premios-aebrand\/#article\",\"isPartOf\":{\"@id\":\"https:\/\/www.serrats.com\/recetas\/conservas-serrats-gana-plata-en-premios-aebrand\/\"},\"author\":{\"name\":\"Esperanza\",\"@id\":\"https:\/\/www.serrats.com\/recetas\/#\/schema\/person\/e7c6d31fccdda786053f829cd52bfbe8\"},\"headline\":\"Conservas Serrats gana la Plata en los Premios AEBRAND\",\"datePublished\":\"2026-03-09T10:04:32+00:00\",\"dateModified\":\"2026-03-18T12:07:08+00:00\",\"mainEntityOfPage\":{\"@id\":\"https:\/\/www.serrats.com\/recetas\/conservas-serrats-gana-plata-en-premios-aebrand\/\"},\"wordCount\":430,\"commentCount\":0,\"publisher\":{\"@id\":\"https:\/\/www.serrats.com\/recetas\/#organization\"},\"image\":{\"@id\":\"https:\/\/www.serrats.com\/recetas\/conservas-serrats-gana-plata-en-premios-aebrand\/#primaryimage\"},\"thumbnailUrl\":\"https:\/\/www.serrats.com\/recetas\/wp-content\/uploads\/2026\/03\/Premios-Aebrand-1-e1773050659470.jpg\",\"articleSection\":[\"Noticias y curiosidades\"],\"inLanguage\":\"es\",\"potentialAction\":[{\"@type\":\"CommentAction\",\"name\":\"Comment\",\"target\":[\"https:\/\/www.serrats.com\/recetas\/conservas-serrats-gana-plata-en-premios-aebrand\/#respond\"]}]},{\"@type\":\"WebPage\",\"@id\":\"https:\/\/www.serrats.com\/recetas\/conservas-serrats-gana-plata-en-premios-aebrand\/\",\"url\":\"https:\/\/www.serrats.com\/recetas\/conservas-serrats-gana-plata-en-premios-aebrand\/\",\"name\":\"Conservas Serrats gana la Plata en los Premios AEBRAND - La Cocina de Serrats\",\"isPartOf\":{\"@id\":\"https:\/\/www.serrats.com\/recetas\/#website\"},\"primaryImageOfPage\":{\"@id\":\"https:\/\/www.serrats.com\/recetas\/conservas-serrats-gana-plata-en-premios-aebrand\/#primaryimage\"},\"image\":{\"@id\":\"https:\/\/www.serrats.com\/recetas\/conservas-serrats-gana-plata-en-premios-aebrand\/#primaryimage\"},\"thumbnailUrl\":\"https:\/\/www.serrats.com\/recetas\/wp-content\/uploads\/2026\/03\/Premios-Aebrand-1-e1773050659470.jpg\",\"datePublished\":\"2026-03-09T10:04:32+00:00\",\"dateModified\":\"2026-03-18T12:07:08+00:00\",\"description\":\"Conservas Serrats gana Plata en los Premios AEBRAND en Digital Branding, un reconocimiento al trabajo de evoluci\u00f3n y construcci\u00f3n de la marca.\",\"breadcrumb\":{\"@id\":\"https:\/\/www.serrats.com\/recetas\/conservas-serrats-gana-plata-en-premios-aebrand\/#breadcrumb\"},\"inLanguage\":\"es\",\"potentialAction\":[{\"@type\":\"ReadAction\",\"target\":[\"https:\/\/www.serrats.com\/recetas\/conservas-serrats-gana-plata-en-premios-aebrand\/\"]}]},{\"@type\":\"ImageObject\",\"inLanguage\":\"es\",\"@id\":\"https:\/\/www.serrats.com\/recetas\/conservas-serrats-gana-plata-en-premios-aebrand\/#primaryimage\",\"url\":\"https:\/\/www.serrats.com\/recetas\/wp-content\/uploads\/2026\/03\/Premios-Aebrand-1-e1773050659470.jpg\",\"contentUrl\":\"https:\/\/www.serrats.com\/recetas\/wp-content\/uploads\/2026\/03\/Premios-Aebrand-1-e1773050659470.jpg\",\"width\":1536,\"height\":1710,\"caption\":\"Premios Aebrand 2\"},{\"@type\":\"BreadcrumbList\",\"@id\":\"https:\/\/www.serrats.com\/recetas\/conservas-serrats-gana-plata-en-premios-aebrand\/#breadcrumb\",\"itemListElement\":[{\"@type\":\"ListItem\",\"position\":1,\"name\":\"Blog\",\"item\":\"https:\/\/www.serrats.com\/recetas\/\"},{\"@type\":\"ListItem\",\"position\":2,\"name\":\"Noticias y curiosidades\",\"item\":\"https:\/\/www.serrats.com\/recetas\/noticias-y-curiosidades\/\"},{\"@type\":\"ListItem\",\"position\":3,\"name\":\"Conservas Serrats gana la Plata en los Premios AEBRAND\"}]},{\"@type\":\"WebSite\",\"@id\":\"https:\/\/www.serrats.com\/recetas\/#website\",\"url\":\"https:\/\/www.serrats.com\/recetas\/\",\"name\":\"La Cocina de Serrats\",\"description\":\"\",\"publisher\":{\"@id\":\"https:\/\/www.serrats.com\/recetas\/#organization\"},\"potentialAction\":[{\"@type\":\"SearchAction\",\"target\":{\"@type\":\"EntryPoint\",\"urlTemplate\":\"https:\/\/www.serrats.com\/recetas\/?s={search_term_string}\"},\"query-input\":{\"@type\":\"PropertyValueSpecification\",\"valueRequired\":true,\"valueName\":\"search_term_string\"}}],\"inLanguage\":\"es\"},{\"@type\":\"Organization\",\"@id\":\"https:\/\/www.serrats.com\/recetas\/#organization\",\"name\":\"La Cocina de Serrats\",\"url\":\"https:\/\/www.serrats.com\/recetas\/\",\"logo\":{\"@type\":\"ImageObject\",\"inLanguage\":\"es\",\"@id\":\"https:\/\/www.serrats.com\/recetas\/#\/schema\/logo\/image\/\",\"url\":\"https:\/\/www.serrats.com\/recetas\/wp-content\/uploads\/2023\/08\/serratslogo.svg\",\"contentUrl\":\"https:\/\/www.serrats.com\/recetas\/wp-content\/uploads\/2023\/08\/serratslogo.svg\",\"width\":162,\"height\":72,\"caption\":\"La Cocina de Serrats\"},\"image\":{\"@id\":\"https:\/\/www.serrats.com\/recetas\/#\/schema\/logo\/image\/\"}},{\"@type\":\"Person\",\"@id\":\"https:\/\/www.serrats.com\/recetas\/#\/schema\/person\/e7c6d31fccdda786053f829cd52bfbe8\",\"name\":\"Esperanza\",\"image\":{\"@type\":\"ImageObject\",\"inLanguage\":\"es\",\"@id\":\"https:\/\/www.serrats.com\/recetas\/#\/schema\/person\/image\/\",\"url\":\"https:\/\/secure.gravatar.com\/avatar\/88bd6a2ba5af667cd2d32fe55c2f40c33afa802b8ec957fd1c4552be5e05b421?s=96&d=mm&r=g\",\"contentUrl\":\"https:\/\/secure.gravatar.com\/avatar\/88bd6a2ba5af667cd2d32fe55c2f40c33afa802b8ec957fd1c4552be5e05b421?s=96&d=mm&r=g\",\"caption\":\"Esperanza\"},\"url\":\"https:\/\/www.serrats.com\/recetas\/author\/overalia\/\"}]}<\/script>\n<!-- \/ Yoast SEO plugin. -->","yoast_head_json":{"title":"Conservas Serrats gana la Plata en los Premios AEBRAND - La Cocina de Serrats","description":"Conservas Serrats gana Plata en los Premios AEBRAND en Digital Branding, un reconocimiento al trabajo de evoluci\u00f3n y construcci\u00f3n de la marca.","robots":{"index":"index","follow":"follow","max-snippet":"max-snippet:-1","max-image-preview":"max-image-preview:large","max-video-preview":"max-video-preview:-1"},"canonical":"https:\/\/www.serrats.com\/recetas\/conservas-serrats-gana-plata-en-premios-aebrand\/","og_locale":"es_ES","og_type":"article","og_title":"Conservas Serrats gana la Plata en los Premios AEBRAND - La Cocina de Serrats","og_description":"Conservas Serrats gana Plata en los Premios AEBRAND en Digital Branding, un reconocimiento al trabajo de evoluci\u00f3n y construcci\u00f3n de la marca.","og_url":"https:\/\/www.serrats.com\/recetas\/conservas-serrats-gana-plata-en-premios-aebrand\/","og_site_name":"La Cocina de Serrats","article_published_time":"2026-03-09T10:04:32+00:00","article_modified_time":"2026-03-18T12:07:08+00:00","og_image":[{"width":1536,"height":1710,"url":"https:\/\/www.serrats.com\/recetas\/wp-content\/uploads\/2026\/03\/Premios-Aebrand-1-e1773050659470.jpg","type":"image\/jpeg"}],"author":"Esperanza","twitter_card":"summary_large_image","twitter_misc":{"Escrito por":"Esperanza","Tiempo de lectura":"2 minutos"},"schema":{"@context":"https:\/\/schema.org","@graph":[{"@type":"Article","@id":"https:\/\/www.serrats.com\/recetas\/conservas-serrats-gana-plata-en-premios-aebrand\/#article","isPartOf":{"@id":"https:\/\/www.serrats.com\/recetas\/conservas-serrats-gana-plata-en-premios-aebrand\/"},"author":{"name":"Esperanza","@id":"https:\/\/www.serrats.com\/recetas\/#\/schema\/person\/e7c6d31fccdda786053f829cd52bfbe8"},"headline":"Conservas Serrats gana la Plata en los Premios AEBRAND","datePublished":"2026-03-09T10:04:32+00:00","dateModified":"2026-03-18T12:07:08+00:00","mainEntityOfPage":{"@id":"https:\/\/www.serrats.com\/recetas\/conservas-serrats-gana-plata-en-premios-aebrand\/"},"wordCount":430,"commentCount":0,"publisher":{"@id":"https:\/\/www.serrats.com\/recetas\/#organization"},"image":{"@id":"https:\/\/www.serrats.com\/recetas\/conservas-serrats-gana-plata-en-premios-aebrand\/#primaryimage"},"thumbnailUrl":"https:\/\/www.serrats.com\/recetas\/wp-content\/uploads\/2026\/03\/Premios-Aebrand-1-e1773050659470.jpg","articleSection":["Noticias y curiosidades"],"inLanguage":"es","potentialAction":[{"@type":"CommentAction","name":"Comment","target":["https:\/\/www.serrats.com\/recetas\/conservas-serrats-gana-plata-en-premios-aebrand\/#respond"]}]},{"@type":"WebPage","@id":"https:\/\/www.serrats.com\/recetas\/conservas-serrats-gana-plata-en-premios-aebrand\/","url":"https:\/\/www.serrats.com\/recetas\/conservas-serrats-gana-plata-en-premios-aebrand\/","name":"Conservas Serrats gana la Plata en los Premios AEBRAND - La Cocina de Serrats","isPartOf":{"@id":"https:\/\/www.serrats.com\/recetas\/#website"},"primaryImageOfPage":{"@id":"https:\/\/www.serrats.com\/recetas\/conservas-serrats-gana-plata-en-premios-aebrand\/#primaryimage"},"image":{"@id":"https:\/\/www.serrats.com\/recetas\/conservas-serrats-gana-plata-en-premios-aebrand\/#primaryimage"},"thumbnailUrl":"https:\/\/www.serrats.com\/recetas\/wp-content\/uploads\/2026\/03\/Premios-Aebrand-1-e1773050659470.jpg","datePublished":"2026-03-09T10:04:32+00:00","dateModified":"2026-03-18T12:07:08+00:00","description":"Conservas Serrats gana Plata en los Premios AEBRAND en Digital Branding, un reconocimiento al trabajo de evoluci\u00f3n y construcci\u00f3n de la marca.","breadcrumb":{"@id":"https:\/\/www.serrats.com\/recetas\/conservas-serrats-gana-plata-en-premios-aebrand\/#breadcrumb"},"inLanguage":"es","potentialAction":[{"@type":"ReadAction","target":["https:\/\/www.serrats.com\/recetas\/conservas-serrats-gana-plata-en-premios-aebrand\/"]}]},{"@type":"ImageObject","inLanguage":"es","@id":"https:\/\/www.serrats.com\/recetas\/conservas-serrats-gana-plata-en-premios-aebrand\/#primaryimage","url":"https:\/\/www.serrats.com\/recetas\/wp-content\/uploads\/2026\/03\/Premios-Aebrand-1-e1773050659470.jpg","contentUrl":"https:\/\/www.serrats.com\/recetas\/wp-content\/uploads\/2026\/03\/Premios-Aebrand-1-e1773050659470.jpg","width":1536,"height":1710,"caption":"Premios Aebrand 2"},{"@type":"BreadcrumbList","@id":"https:\/\/www.serrats.com\/recetas\/conservas-serrats-gana-plata-en-premios-aebrand\/#breadcrumb","itemListElement":[{"@type":"ListItem","position":1,"name":"Blog","item":"https:\/\/www.serrats.com\/recetas\/"},{"@type":"ListItem","position":2,"name":"Noticias y curiosidades","item":"https:\/\/www.serrats.com\/recetas\/noticias-y-curiosidades\/"},{"@type":"ListItem","position":3,"name":"Conservas Serrats gana la Plata en los Premios AEBRAND"}]},{"@type":"WebSite","@id":"https:\/\/www.serrats.com\/recetas\/#website","url":"https:\/\/www.serrats.com\/recetas\/","name":"La Cocina de Serrats","description":"","publisher":{"@id":"https:\/\/www.serrats.com\/recetas\/#organization"},"potentialAction":[{"@type":"SearchAction","target":{"@type":"EntryPoint","urlTemplate":"https:\/\/www.serrats.com\/recetas\/?s={search_term_string}"},"query-input":{"@type":"PropertyValueSpecification","valueRequired":true,"valueName":"search_term_string"}}],"inLanguage":"es"},{"@type":"Organization","@id":"https:\/\/www.serrats.com\/recetas\/#organization","name":"La Cocina de Serrats","url":"https:\/\/www.serrats.com\/recetas\/","logo":{"@type":"ImageObject","inLanguage":"es","@id":"https:\/\/www.serrats.com\/recetas\/#\/schema\/logo\/image\/","url":"https:\/\/www.serrats.com\/recetas\/wp-content\/uploads\/2023\/08\/serratslogo.svg","contentUrl":"https:\/\/www.serrats.com\/recetas\/wp-content\/uploads\/2023\/08\/serratslogo.svg","width":162,"height":72,"caption":"La Cocina de Serrats"},"image":{"@id":"https:\/\/www.serrats.com\/recetas\/#\/schema\/logo\/image\/"}},{"@type":"Person","@id":"https:\/\/www.serrats.com\/recetas\/#\/schema\/person\/e7c6d31fccdda786053f829cd52bfbe8","name":"Esperanza","image":{"@type":"ImageObject","inLanguage":"es","@id":"https:\/\/www.serrats.com\/recetas\/#\/schema\/person\/image\/","url":"https:\/\/secure.gravatar.com\/avatar\/88bd6a2ba5af667cd2d32fe55c2f40c33afa802b8ec957fd1c4552be5e05b421?s=96&d=mm&r=g","contentUrl":"https:\/\/secure.gravatar.com\/avatar\/88bd6a2ba5af667cd2d32fe55c2f40c33afa802b8ec957fd1c4552be5e05b421?s=96&d=mm&r=g","caption":"Esperanza"},"url":"https:\/\/www.serrats.com\/recetas\/author\/overalia\/"}]}},"_links":{"self":[{"href":"https:\/\/www.serrats.com\/recetas\/wp-json\/wp\/v2\/posts\/25037","targetHints":{"allow":["GET"]}}],"collection":[{"href":"https:\/\/www.serrats.com\/recetas\/wp-json\/wp\/v2\/posts"}],"about":[{"href":"https:\/\/www.serrats.com\/recetas\/wp-json\/wp\/v2\/types\/post"}],"author":[{"embeddable":true,"href":"https:\/\/www.serrats.com\/recetas\/wp-json\/wp\/v2\/users\/18"}],"replies":[{"embeddable":true,"href":"https:\/\/www.serrats.com\/recetas\/wp-json\/wp\/v2\/comments?post=25037"}],"version-history":[{"count":19,"href":"https:\/\/www.serrats.com\/recetas\/wp-json\/wp\/v2\/posts\/25037\/revisions"}],"predecessor-version":[{"id":25073,"href":"https:\/\/www.serrats.com\/recetas\/wp-json\/wp\/v2\/posts\/25037\/revisions\/25073"}],"wp:featuredmedia":[{"embeddable":true,"href":"https:\/\/www.serrats.com\/recetas\/wp-json\/wp\/v2\/media\/25051"}],"wp:attachment":[{"href":"https:\/\/www.serrats.com\/recetas\/wp-json\/wp\/v2\/media?parent=25037"}],"wp:term":[{"taxonomy":"category","embeddable":true,"href":"https:\/\/www.serrats.com\/recetas\/wp-json\/wp\/v2\/categories?post=25037"},{"taxonomy":"post_tag","embeddable":true,"href":"https:\/\/www.serrats.com\/recetas\/wp-json\/wp\/v2\/tags?post=25037"}],"curies":[{"name":"wp","href":"https:\/\/api.w.org\/{rel}","templated":true}]}}