{"id":7513,"date":"2012-08-23T09:53:13","date_gmt":"2012-08-23T07:53:13","guid":{"rendered":"http:\/\/serrats.com\/recetas\/?p=7513"},"modified":"2018-11-08T17:55:01","modified_gmt":"2018-11-08T16:55:01","slug":"gildas-de-verano","status":"publish","type":"post","link":"https:\/\/www.serrats.com\/recetas\/gildas-de-verano\/","title":{"rendered":"Gildas de verano"},"content":{"rendered":"<p><strong>Maria Bego\u00f1a<\/strong> ha participado con nosotros en alguna otra ocasi\u00f3n, incluso consigui\u00f3 llevarse el premio del concurso por una <a href=\"https:\/\/serrats.com\/recetas\/ensalada-de-ventresca-de-bonito-del-norte\/\">fant\u00e1stica ensalada<\/a> hace unos meses. En esta ocasi\u00f3n nos trae unas Gildas muy especiales. Para los que a\u00fan no conozc\u00e1is la Gilda, es un pintxo centenario que encontrar\u00e9is en casi todas las barras de pintxos del Pa\u00eds Vasco. Generalmente se prepara alternando aceitunas con anchoa y guindillas en un palillo, pero la propuesta de M\u00aa Bego\u00f1a va un poquito m\u00e1s all\u00e1 ya que incluye las Conservas Serrats de un modo diferente. Si prob\u00e1is la Gilda os har\u00e9is muy fans y no faltar\u00e1 en cada aperitivo con los amigos. \u00a1Y hoy ni un cacharro para fregar!<!--more--><\/p>\n<h2>Ingredientes:<\/h2>\n<ul>\n<li>1 lata de <a href=\"https:\/\/www.serrats.com\/es\/lata-boquerones\">boquerones en vinagre<\/a> de Conservas Serrats<\/li>\n<li>1 lata de aceitunas<\/li>\n<li>1\/2 ajo muy picadito<\/li>\n<li>Una punta de pimiento verde<\/li>\n<li>Media cebolleta<\/li>\n<li>Perejil picado<\/li>\n<li>Aceite de oliva virgen<\/li>\n<\/ul>\n<h2>Preparaci\u00f3n:<\/h2>\n<ul>\n<li>Picar el ajo, la cebolleta, el pimiento verde y el perejil todo muy fino y reservar<\/li>\n<li>En unos palillos largos insertar aceituna, boquer\u00f3n, aceituna, boquer\u00f3n y aceituna<\/li>\n<li>Colocar en el plato de forma vistosa, echar por encima un poquito de aceite virgen , espolvorear el perejil picadito que teniamos reservado y servir<img fetchpriority=\"high\" decoding=\"async\" class=\"alignnone size-medium wp-image-7515\" title=\"Gilda_verano\" src=\"https:\/\/serrats.com\/recetas\/wp-content\/uploads\/Gilda_verano1-600x449.jpg\" alt=\"\" width=\"600\" height=\"449\" srcset=\"https:\/\/www.serrats.com\/recetas\/wp-content\/uploads\/Gilda_verano1-600x449.jpg 600w, https:\/\/www.serrats.com\/recetas\/wp-content\/uploads\/Gilda_verano1-1024x767.jpg 1024w, https:\/\/www.serrats.com\/recetas\/wp-content\/uploads\/Gilda_verano1.jpg 1815w\" sizes=\"(max-width: 600px) 100vw, 600px\" \/><\/li>\n<\/ul>\n<p><strong>\u00a1Un aperitivo espectacular M\u00aa Bego\u00f1a!<\/strong><\/p>\n<p>&nbsp;<\/p>\n","protected":false},"excerpt":{"rendered":"<p>Maria Bego\u00f1a ha participado con nosotros en alguna otra ocasi\u00f3n, incluso consigui\u00f3 llevarse el premio del concurso por una fant\u00e1stica ensalada hace unos meses. En esta ocasi\u00f3n nos trae unas Gildas muy especiales. Para los que a\u00fan no conozc\u00e1is la Gilda, es un pintxo centenario que encontrar\u00e9is en casi todas las barras de pintxos del [&hellip;]<\/p>\n","protected":false},"author":2,"featured_media":7514,"comment_status":"open","ping_status":"open","sticky":false,"template":"","format":"standard","meta":{"_acf_changed":false,"footnotes":""},"categories":[806,4],"tags":[21,61,194,73],"class_list":["post-7513","post","type-post","status-publish","format-standard","has-post-thumbnail","hentry","category-boquerones","category-recetas","tag-aceitunas","tag-ajo","tag-cebolleta","tag-pimiento-verde"],"acf":[],"yoast_head":"<!-- This site is optimized with the Yoast SEO plugin v25.6 - https:\/\/yoast.com\/wordpress\/plugins\/seo\/ -->\n<title>Gildas de verano - La Cocina de Serrats<\/title>\n<meta name=\"robots\" content=\"index, follow, max-snippet:-1, max-image-preview:large, max-video-preview:-1\" \/>\n<link rel=\"canonical\" href=\"https:\/\/www.serrats.com\/recetas\/gildas-de-verano\/\" \/>\n<meta property=\"og:locale\" content=\"es_ES\" \/>\n<meta property=\"og:type\" content=\"article\" \/>\n<meta property=\"og:title\" content=\"Gildas de verano - La Cocina de Serrats\" \/>\n<meta property=\"og:description\" content=\"Maria Bego\u00f1a ha participado con nosotros en alguna otra ocasi\u00f3n, incluso consigui\u00f3 llevarse el premio del concurso por una fant\u00e1stica ensalada hace unos meses. En esta ocasi\u00f3n nos trae unas Gildas muy especiales. Para los que a\u00fan no conozc\u00e1is la Gilda, es un pintxo centenario que encontrar\u00e9is en casi todas las barras de pintxos del [&hellip;]\" \/>\n<meta property=\"og:url\" content=\"https:\/\/www.serrats.com\/recetas\/gildas-de-verano\/\" \/>\n<meta property=\"og:site_name\" content=\"La Cocina de Serrats\" \/>\n<meta property=\"article:published_time\" content=\"2012-08-23T07:53:13+00:00\" \/>\n<meta property=\"article:modified_time\" content=\"2018-11-08T16:55:01+00:00\" \/>\n<meta property=\"og:image\" content=\"https:\/\/www.serrats.com\/recetas\/wp-content\/uploads\/Gilda_verano.jpg\" \/>\n\t<meta property=\"og:image:width\" content=\"1815\" \/>\n\t<meta property=\"og:image:height\" content=\"1361\" \/>\n\t<meta property=\"og:image:type\" content=\"image\/jpeg\" \/>\n<meta name=\"author\" content=\"Esperanza\" \/>\n<meta name=\"twitter:card\" content=\"summary_large_image\" \/>\n<meta name=\"twitter:label1\" content=\"Escrito por\" \/>\n\t<meta name=\"twitter:data1\" content=\"Esperanza\" \/>\n\t<meta name=\"twitter:label2\" content=\"Tiempo de lectura\" \/>\n\t<meta name=\"twitter:data2\" content=\"1 minuto\" \/>\n<script type=\"application\/ld+json\" class=\"yoast-schema-graph\">{\"@context\":\"https:\/\/schema.org\",\"@graph\":[{\"@type\":\"Article\",\"@id\":\"https:\/\/www.serrats.com\/recetas\/gildas-de-verano\/#article\",\"isPartOf\":{\"@id\":\"https:\/\/www.serrats.com\/recetas\/gildas-de-verano\/\"},\"author\":{\"name\":\"Esperanza\",\"@id\":\"https:\/\/www.serrats.com\/recetas\/#\/schema\/person\/b53f06f8376d94ba9a3f6e2053bc5bf6\"},\"headline\":\"Gildas de verano\",\"datePublished\":\"2012-08-23T07:53:13+00:00\",\"dateModified\":\"2018-11-08T16:55:01+00:00\",\"mainEntityOfPage\":{\"@id\":\"https:\/\/www.serrats.com\/recetas\/gildas-de-verano\/\"},\"wordCount\":219,\"commentCount\":6,\"publisher\":{\"@id\":\"https:\/\/www.serrats.com\/recetas\/#organization\"},\"image\":{\"@id\":\"https:\/\/www.serrats.com\/recetas\/gildas-de-verano\/#primaryimage\"},\"thumbnailUrl\":\"https:\/\/www.serrats.com\/recetas\/wp-content\/uploads\/Gilda_verano.jpg\",\"keywords\":[\"aceitunas\",\"ajo\",\"cebolleta\",\"pimiento verde\"],\"articleSection\":[\"Recetas con boquerones\",\"Recetas con sabor a mar\"],\"inLanguage\":\"es\",\"potentialAction\":[{\"@type\":\"CommentAction\",\"name\":\"Comment\",\"target\":[\"https:\/\/www.serrats.com\/recetas\/gildas-de-verano\/#respond\"]}]},{\"@type\":\"WebPage\",\"@id\":\"https:\/\/www.serrats.com\/recetas\/gildas-de-verano\/\",\"url\":\"https:\/\/www.serrats.com\/recetas\/gildas-de-verano\/\",\"name\":\"Gildas de verano - La Cocina de Serrats\",\"isPartOf\":{\"@id\":\"https:\/\/www.serrats.com\/recetas\/#website\"},\"primaryImageOfPage\":{\"@id\":\"https:\/\/www.serrats.com\/recetas\/gildas-de-verano\/#primaryimage\"},\"image\":{\"@id\":\"https:\/\/www.serrats.com\/recetas\/gildas-de-verano\/#primaryimage\"},\"thumbnailUrl\":\"https:\/\/www.serrats.com\/recetas\/wp-content\/uploads\/Gilda_verano.jpg\",\"datePublished\":\"2012-08-23T07:53:13+00:00\",\"dateModified\":\"2018-11-08T16:55:01+00:00\",\"breadcrumb\":{\"@id\":\"https:\/\/www.serrats.com\/recetas\/gildas-de-verano\/#breadcrumb\"},\"inLanguage\":\"es\",\"potentialAction\":[{\"@type\":\"ReadAction\",\"target\":[\"https:\/\/www.serrats.com\/recetas\/gildas-de-verano\/\"]}]},{\"@type\":\"ImageObject\",\"inLanguage\":\"es\",\"@id\":\"https:\/\/www.serrats.com\/recetas\/gildas-de-verano\/#primaryimage\",\"url\":\"https:\/\/www.serrats.com\/recetas\/wp-content\/uploads\/Gilda_verano.jpg\",\"contentUrl\":\"https:\/\/www.serrats.com\/recetas\/wp-content\/uploads\/Gilda_verano.jpg\",\"width\":\"1815\",\"height\":\"1361\",\"caption\":\"Gildas de verano\"},{\"@type\":\"BreadcrumbList\",\"@id\":\"https:\/\/www.serrats.com\/recetas\/gildas-de-verano\/#breadcrumb\",\"itemListElement\":[{\"@type\":\"ListItem\",\"position\":1,\"name\":\"Blog\",\"item\":\"https:\/\/www.serrats.com\/recetas\/\"},{\"@type\":\"ListItem\",\"position\":2,\"name\":\"Recetas con sabor a mar\",\"item\":\"https:\/\/www.serrats.com\/recetas\/recetas\/\"},{\"@type\":\"ListItem\",\"position\":3,\"name\":\"Recetas con boquerones\",\"item\":\"https:\/\/www.serrats.com\/recetas\/recetas\/boquerones\/\"},{\"@type\":\"ListItem\",\"position\":4,\"name\":\"Gildas de verano\"}]},{\"@type\":\"WebSite\",\"@id\":\"https:\/\/www.serrats.com\/recetas\/#website\",\"url\":\"https:\/\/www.serrats.com\/recetas\/\",\"name\":\"La Cocina de Serrats\",\"description\":\"\",\"publisher\":{\"@id\":\"https:\/\/www.serrats.com\/recetas\/#organization\"},\"potentialAction\":[{\"@type\":\"SearchAction\",\"target\":{\"@type\":\"EntryPoint\",\"urlTemplate\":\"https:\/\/www.serrats.com\/recetas\/?s={search_term_string}\"},\"query-input\":{\"@type\":\"PropertyValueSpecification\",\"valueRequired\":true,\"valueName\":\"search_term_string\"}}],\"inLanguage\":\"es\"},{\"@type\":\"Organization\",\"@id\":\"https:\/\/www.serrats.com\/recetas\/#organization\",\"name\":\"La Cocina de Serrats\",\"url\":\"https:\/\/www.serrats.com\/recetas\/\",\"logo\":{\"@type\":\"ImageObject\",\"inLanguage\":\"es\",\"@id\":\"https:\/\/www.serrats.com\/recetas\/#\/schema\/logo\/image\/\",\"url\":\"https:\/\/www.serrats.com\/recetas\/wp-content\/uploads\/2023\/08\/serratslogo.svg\",\"contentUrl\":\"https:\/\/www.serrats.com\/recetas\/wp-content\/uploads\/2023\/08\/serratslogo.svg\",\"width\":162,\"height\":72,\"caption\":\"La Cocina de Serrats\"},\"image\":{\"@id\":\"https:\/\/www.serrats.com\/recetas\/#\/schema\/logo\/image\/\"}},{\"@type\":\"Person\",\"@id\":\"https:\/\/www.serrats.com\/recetas\/#\/schema\/person\/b53f06f8376d94ba9a3f6e2053bc5bf6\",\"name\":\"Esperanza\",\"image\":{\"@type\":\"ImageObject\",\"inLanguage\":\"es\",\"@id\":\"https:\/\/www.serrats.com\/recetas\/#\/schema\/person\/image\/\",\"url\":\"https:\/\/secure.gravatar.com\/avatar\/9c11b932c6df08ddf30a319e182ed1e125e3c6ef40be543c26fbce9e61d4befe?s=96&d=mm&r=g\",\"contentUrl\":\"https:\/\/secure.gravatar.com\/avatar\/9c11b932c6df08ddf30a319e182ed1e125e3c6ef40be543c26fbce9e61d4befe?s=96&d=mm&r=g\",\"caption\":\"Esperanza\"},\"sameAs\":[\"https:\/\/www.serrats.com\"],\"url\":\"https:\/\/www.serrats.com\/recetas\/author\/esperanza\/\"}]}<\/script>\n<!-- \/ Yoast SEO plugin. -->","yoast_head_json":{"title":"Gildas de verano - La Cocina de Serrats","robots":{"index":"index","follow":"follow","max-snippet":"max-snippet:-1","max-image-preview":"max-image-preview:large","max-video-preview":"max-video-preview:-1"},"canonical":"https:\/\/www.serrats.com\/recetas\/gildas-de-verano\/","og_locale":"es_ES","og_type":"article","og_title":"Gildas de verano - La Cocina de Serrats","og_description":"Maria Bego\u00f1a ha participado con nosotros en alguna otra ocasi\u00f3n, incluso consigui\u00f3 llevarse el premio del concurso por una fant\u00e1stica ensalada hace unos meses. En esta ocasi\u00f3n nos trae unas Gildas muy especiales. Para los que a\u00fan no conozc\u00e1is la Gilda, es un pintxo centenario que encontrar\u00e9is en casi todas las barras de pintxos del [&hellip;]","og_url":"https:\/\/www.serrats.com\/recetas\/gildas-de-verano\/","og_site_name":"La Cocina de Serrats","article_published_time":"2012-08-23T07:53:13+00:00","article_modified_time":"2018-11-08T16:55:01+00:00","og_image":[{"width":1815,"height":1361,"url":"https:\/\/www.serrats.com\/recetas\/wp-content\/uploads\/Gilda_verano.jpg","type":"image\/jpeg"}],"author":"Esperanza","twitter_card":"summary_large_image","twitter_misc":{"Escrito por":"Esperanza","Tiempo de lectura":"1 minuto"},"schema":{"@context":"https:\/\/schema.org","@graph":[{"@type":"Article","@id":"https:\/\/www.serrats.com\/recetas\/gildas-de-verano\/#article","isPartOf":{"@id":"https:\/\/www.serrats.com\/recetas\/gildas-de-verano\/"},"author":{"name":"Esperanza","@id":"https:\/\/www.serrats.com\/recetas\/#\/schema\/person\/b53f06f8376d94ba9a3f6e2053bc5bf6"},"headline":"Gildas de verano","datePublished":"2012-08-23T07:53:13+00:00","dateModified":"2018-11-08T16:55:01+00:00","mainEntityOfPage":{"@id":"https:\/\/www.serrats.com\/recetas\/gildas-de-verano\/"},"wordCount":219,"commentCount":6,"publisher":{"@id":"https:\/\/www.serrats.com\/recetas\/#organization"},"image":{"@id":"https:\/\/www.serrats.com\/recetas\/gildas-de-verano\/#primaryimage"},"thumbnailUrl":"https:\/\/www.serrats.com\/recetas\/wp-content\/uploads\/Gilda_verano.jpg","keywords":["aceitunas","ajo","cebolleta","pimiento verde"],"articleSection":["Recetas con boquerones","Recetas con sabor a mar"],"inLanguage":"es","potentialAction":[{"@type":"CommentAction","name":"Comment","target":["https:\/\/www.serrats.com\/recetas\/gildas-de-verano\/#respond"]}]},{"@type":"WebPage","@id":"https:\/\/www.serrats.com\/recetas\/gildas-de-verano\/","url":"https:\/\/www.serrats.com\/recetas\/gildas-de-verano\/","name":"Gildas de verano - La Cocina de Serrats","isPartOf":{"@id":"https:\/\/www.serrats.com\/recetas\/#website"},"primaryImageOfPage":{"@id":"https:\/\/www.serrats.com\/recetas\/gildas-de-verano\/#primaryimage"},"image":{"@id":"https:\/\/www.serrats.com\/recetas\/gildas-de-verano\/#primaryimage"},"thumbnailUrl":"https:\/\/www.serrats.com\/recetas\/wp-content\/uploads\/Gilda_verano.jpg","datePublished":"2012-08-23T07:53:13+00:00","dateModified":"2018-11-08T16:55:01+00:00","breadcrumb":{"@id":"https:\/\/www.serrats.com\/recetas\/gildas-de-verano\/#breadcrumb"},"inLanguage":"es","potentialAction":[{"@type":"ReadAction","target":["https:\/\/www.serrats.com\/recetas\/gildas-de-verano\/"]}]},{"@type":"ImageObject","inLanguage":"es","@id":"https:\/\/www.serrats.com\/recetas\/gildas-de-verano\/#primaryimage","url":"https:\/\/www.serrats.com\/recetas\/wp-content\/uploads\/Gilda_verano.jpg","contentUrl":"https:\/\/www.serrats.com\/recetas\/wp-content\/uploads\/Gilda_verano.jpg","width":"1815","height":"1361","caption":"Gildas de verano"},{"@type":"BreadcrumbList","@id":"https:\/\/www.serrats.com\/recetas\/gildas-de-verano\/#breadcrumb","itemListElement":[{"@type":"ListItem","position":1,"name":"Blog","item":"https:\/\/www.serrats.com\/recetas\/"},{"@type":"ListItem","position":2,"name":"Recetas con sabor a mar","item":"https:\/\/www.serrats.com\/recetas\/recetas\/"},{"@type":"ListItem","position":3,"name":"Recetas con boquerones","item":"https:\/\/www.serrats.com\/recetas\/recetas\/boquerones\/"},{"@type":"ListItem","position":4,"name":"Gildas de verano"}]},{"@type":"WebSite","@id":"https:\/\/www.serrats.com\/recetas\/#website","url":"https:\/\/www.serrats.com\/recetas\/","name":"La Cocina de Serrats","description":"","publisher":{"@id":"https:\/\/www.serrats.com\/recetas\/#organization"},"potentialAction":[{"@type":"SearchAction","target":{"@type":"EntryPoint","urlTemplate":"https:\/\/www.serrats.com\/recetas\/?s={search_term_string}"},"query-input":{"@type":"PropertyValueSpecification","valueRequired":true,"valueName":"search_term_string"}}],"inLanguage":"es"},{"@type":"Organization","@id":"https:\/\/www.serrats.com\/recetas\/#organization","name":"La Cocina de Serrats","url":"https:\/\/www.serrats.com\/recetas\/","logo":{"@type":"ImageObject","inLanguage":"es","@id":"https:\/\/www.serrats.com\/recetas\/#\/schema\/logo\/image\/","url":"https:\/\/www.serrats.com\/recetas\/wp-content\/uploads\/2023\/08\/serratslogo.svg","contentUrl":"https:\/\/www.serrats.com\/recetas\/wp-content\/uploads\/2023\/08\/serratslogo.svg","width":162,"height":72,"caption":"La Cocina de Serrats"},"image":{"@id":"https:\/\/www.serrats.com\/recetas\/#\/schema\/logo\/image\/"}},{"@type":"Person","@id":"https:\/\/www.serrats.com\/recetas\/#\/schema\/person\/b53f06f8376d94ba9a3f6e2053bc5bf6","name":"Esperanza","image":{"@type":"ImageObject","inLanguage":"es","@id":"https:\/\/www.serrats.com\/recetas\/#\/schema\/person\/image\/","url":"https:\/\/secure.gravatar.com\/avatar\/9c11b932c6df08ddf30a319e182ed1e125e3c6ef40be543c26fbce9e61d4befe?s=96&d=mm&r=g","contentUrl":"https:\/\/secure.gravatar.com\/avatar\/9c11b932c6df08ddf30a319e182ed1e125e3c6ef40be543c26fbce9e61d4befe?s=96&d=mm&r=g","caption":"Esperanza"},"sameAs":["https:\/\/www.serrats.com"],"url":"https:\/\/www.serrats.com\/recetas\/author\/esperanza\/"}]}},"_links":{"self":[{"href":"https:\/\/www.serrats.com\/recetas\/wp-json\/wp\/v2\/posts\/7513","targetHints":{"allow":["GET"]}}],"collection":[{"href":"https:\/\/www.serrats.com\/recetas\/wp-json\/wp\/v2\/posts"}],"about":[{"href":"https:\/\/www.serrats.com\/recetas\/wp-json\/wp\/v2\/types\/post"}],"author":[{"embeddable":true,"href":"https:\/\/www.serrats.com\/recetas\/wp-json\/wp\/v2\/users\/2"}],"replies":[{"embeddable":true,"href":"https:\/\/www.serrats.com\/recetas\/wp-json\/wp\/v2\/comments?post=7513"}],"version-history":[{"count":5,"href":"https:\/\/www.serrats.com\/recetas\/wp-json\/wp\/v2\/posts\/7513\/revisions"}],"predecessor-version":[{"id":17370,"href":"https:\/\/www.serrats.com\/recetas\/wp-json\/wp\/v2\/posts\/7513\/revisions\/17370"}],"wp:featuredmedia":[{"embeddable":true,"href":"https:\/\/www.serrats.com\/recetas\/wp-json\/wp\/v2\/media\/7514"}],"wp:attachment":[{"href":"https:\/\/www.serrats.com\/recetas\/wp-json\/wp\/v2\/media?parent=7513"}],"wp:term":[{"taxonomy":"category","embeddable":true,"href":"https:\/\/www.serrats.com\/recetas\/wp-json\/wp\/v2\/categories?post=7513"},{"taxonomy":"post_tag","embeddable":true,"href":"https:\/\/www.serrats.com\/recetas\/wp-json\/wp\/v2\/tags?post=7513"}],"curies":[{"name":"wp","href":"https:\/\/api.w.org\/{rel}","templated":true}]}}