{"id":8111,"date":"2013-02-07T12:53:43","date_gmt":"2013-02-07T11:53:43","guid":{"rendered":"http:\/\/serrats.com\/recetas\/?p=8111"},"modified":"2022-09-13T11:11:43","modified_gmt":"2022-09-13T09:11:43","slug":"tartar-de-salmon-y-boquerones-con-ensalada-de-manzana-y-nueces","status":"publish","type":"post","link":"https:\/\/www.serrats.com\/recetas\/tartar-de-salmon-y-boquerones-con-ensalada-de-manzana-y-nueces\/","title":{"rendered":"Tartar de Salm\u00f3n y Boquerones con ensalada de manzana y nueces"},"content":{"rendered":"<p>\u00a1<strong>Soledad<\/strong> sigue\u00a0sacando\u00a0chispas a las Conservas Serrats! Su nueva creaci\u00f3n viene en forma de Tartar, que como todos sab\u00e9is es una preparaci\u00f3n a base de productos sin cocinar, pero combinados de tal modo que el resultado resulta delicioso. En este caso, acompa\u00f1ado por una original ensalada de manzana, conseguir\u00e9is un se\u00f1or plato ideal para fiestas o celebraciones. \u00a1Ah! Por aquello del anisakis haced caso a nuestra indicaci\u00f3n de congelar previamente el salm\u00f3n, y as\u00ed nos quitamos el yuyu del gusanito. Ahora, bajad a al pescader\u00eda \u00a0y que os vayan limpiando una buena tajada de salm\u00f3n, \u00a1porque este tartar os va a elevar a los gastro-altares!<!--more--><\/p>\n<h2>Ingredientes:<\/h2>\n<ul>\n<li>400 grs. de salm\u00f3n fresco (congelar previamente un m\u00ednimo de 24 horas)<\/li>\n<li>4 <a href=\"https:\/\/www.serrats.com\/es\/comprar-boquerones\">boquerones<\/a> de Conserva Serrats<\/li>\n<li>2 cucharadas de vino blanco<\/li>\n<li>1 cucharadita de az\u00facar o un poco de miel<\/li>\n<li>1 chalota<\/li>\n<li>Sal y pimienta<\/li>\n<li>1 lechuga hoja de roble<\/li>\n<li>1 manzana<\/li>\n<li>4 nueces picadas<\/li>\n<li>2 cucharadas de mostaza<\/li>\n<li>aceite de oliva<\/li>\n<li>vinagre de m\u00f3dena<\/li>\n<\/ul>\n<h2>Preparaci\u00f3n del tartar:<\/h2>\n<ul>\n<li>Limpiamos el salm\u00f3n quit\u00e1ndole todas las espinas y lo cortamos en trozos muy peque\u00f1os<\/li>\n<li>Troceamos en peque\u00f1os dados los boquerones<\/li>\n<li>Picamos bien la chalota<\/li>\n<li>Mezclamos todos los ingredientes y salpimentamos<\/li>\n<li>Metemos a la nevera durante 15 minutos<\/li>\n<li>Esta receta tambi\u00e9n admite aguacate y tomate<\/li>\n<\/ul>\n<h2>Preparaci\u00f3n de la ensalada:<\/h2>\n<ul>\n<li>Separar las hojas de la lechuga y cortar por la mitad que no queden trozos muy peque\u00f1os<\/li>\n<li>Pelar la manzana, quitar las pepitas y cortarla en rodajas muy finas<\/li>\n<li>Preparar una vinagreta mezclando el aceite, el vinagre de M\u00f3dena, la miel y la otra cucharada de mostaza hasta que la mezcla emulsione<\/li>\n<\/ul>\n<h2>Emplatado:<\/h2>\n<ul>\n<li>En un plato grande servir en un lado el tartar de salm\u00f3n (en un molde cil\u00edndrico) adornado con dos anchoas en la parte superior<\/li>\n<li>En el otro lado del plato poner cuatro o cinco hojas de lechuga, cuatro o cinco rodajas de manzana, incorporar una nuez picada \u00a0y verter un poco de vinagreta<\/li>\n<\/ul>\n<p>&nbsp;<\/p>\n<figure id=\"attachment_8113\" aria-describedby=\"caption-attachment-8113\" style=\"width: 561px\" class=\"wp-caption aligncenter\"><img fetchpriority=\"high\" decoding=\"async\" class=\"size-medium wp-image-8113\" title=\"Tartar de Boquerones Serrats con ensalada\" src=\"https:\/\/serrats.com\/recetas\/wp-content\/uploads\/Tartar-de-Boquerones-Serrats-con-ensalada-561x460.jpg\" alt=\"\" width=\"561\" height=\"460\" srcset=\"https:\/\/www.serrats.com\/recetas\/wp-content\/uploads\/Tartar-de-Boquerones-Serrats-con-ensalada-561x460.jpg 561w, https:\/\/www.serrats.com\/recetas\/wp-content\/uploads\/Tartar-de-Boquerones-Serrats-con-ensalada-1024x838.jpg 1024w\" sizes=\"(max-width: 561px) 100vw, 561px\" \/><figcaption id=\"caption-attachment-8113\" class=\"wp-caption-text\">Elegante, elegante&#8230;<\/figcaption><\/figure>\n","protected":false},"excerpt":{"rendered":"<p>Un tartar de salm\u00f3n y boquerones siempre es una opci\u00f3n fina, elegante y espectacular de triunfar en una mesa.\u00a1 Animaos!<\/p>\n","protected":false},"author":2,"featured_media":21702,"comment_status":"open","ping_status":"open","sticky":false,"template":"","format":"standard","meta":{"_acf_changed":false,"footnotes":""},"categories":[806,4],"tags":[329,278,131,596,440,303,75,69,60,350],"class_list":["post-8111","post","type-post","status-publish","format-standard","has-post-thumbnail","hentry","category-boquerones","category-recetas","tag-azucar","tag-chalotas","tag-lechuga","tag-manzana","tag-miel","tag-mostaza","tag-nueces","tag-salmon","tag-vinagre-de-modena","tag-vino-blanco"],"acf":[],"yoast_head":"<!-- This site is optimized with the Yoast SEO plugin v25.6 - https:\/\/yoast.com\/wordpress\/plugins\/seo\/ -->\n<title>Tartar de Salm\u00f3n y Boquerones con ensalada de manzana y nueces - La Cocina de Serrats<\/title>\n<meta name=\"description\" content=\"Un tartar de salm\u00f3n y boquerones siempre es una opci\u00f3n fina, elegante y espectacular de triunfar en una mesa.\u00a1 Animaos!\" \/>\n<meta name=\"robots\" content=\"index, follow, max-snippet:-1, max-image-preview:large, max-video-preview:-1\" \/>\n<link rel=\"canonical\" href=\"https:\/\/www.serrats.com\/recetas\/tartar-de-salmon-y-boquerones-con-ensalada-de-manzana-y-nueces\/\" \/>\n<meta property=\"og:locale\" content=\"es_ES\" \/>\n<meta property=\"og:type\" content=\"article\" \/>\n<meta property=\"og:title\" content=\"Tartar de Salm\u00f3n y Boquerones con ensalada de manzana y nueces - La Cocina de Serrats\" \/>\n<meta property=\"og:description\" content=\"Un tartar de salm\u00f3n y boquerones siempre es una opci\u00f3n fina, elegante y espectacular de triunfar en una mesa.\u00a1 Animaos!\" \/>\n<meta property=\"og:url\" content=\"https:\/\/www.serrats.com\/recetas\/tartar-de-salmon-y-boquerones-con-ensalada-de-manzana-y-nueces\/\" \/>\n<meta property=\"og:site_name\" content=\"La Cocina de Serrats\" \/>\n<meta property=\"article:published_time\" content=\"2013-02-07T11:53:43+00:00\" \/>\n<meta property=\"article:modified_time\" content=\"2022-09-13T09:11:43+00:00\" \/>\n<meta property=\"og:image\" content=\"https:\/\/www.serrats.com\/recetas\/wp-content\/uploads\/2013\/02\/Tartar-de-Boquerones-Serrats-con-ensalada-2.jpg\" \/>\n\t<meta property=\"og:image:width\" content=\"1459\" \/>\n\t<meta property=\"og:image:height\" content=\"1094\" \/>\n\t<meta property=\"og:image:type\" content=\"image\/jpeg\" \/>\n<meta name=\"author\" content=\"Esperanza\" \/>\n<meta name=\"twitter:card\" content=\"summary_large_image\" \/>\n<meta name=\"twitter:label1\" content=\"Escrito por\" \/>\n\t<meta name=\"twitter:data1\" content=\"Esperanza\" \/>\n\t<meta name=\"twitter:label2\" content=\"Tiempo de lectura\" \/>\n\t<meta name=\"twitter:data2\" content=\"2 minutos\" \/>\n<script type=\"application\/ld+json\" class=\"yoast-schema-graph\">{\"@context\":\"https:\/\/schema.org\",\"@graph\":[{\"@type\":\"Article\",\"@id\":\"https:\/\/www.serrats.com\/recetas\/tartar-de-salmon-y-boquerones-con-ensalada-de-manzana-y-nueces\/#article\",\"isPartOf\":{\"@id\":\"https:\/\/www.serrats.com\/recetas\/tartar-de-salmon-y-boquerones-con-ensalada-de-manzana-y-nueces\/\"},\"author\":{\"name\":\"Esperanza\",\"@id\":\"https:\/\/www.serrats.com\/recetas\/#\/schema\/person\/b53f06f8376d94ba9a3f6e2053bc5bf6\"},\"headline\":\"Tartar de Salm\u00f3n y Boquerones con ensalada de manzana y nueces\",\"datePublished\":\"2013-02-07T11:53:43+00:00\",\"dateModified\":\"2022-09-13T09:11:43+00:00\",\"mainEntityOfPage\":{\"@id\":\"https:\/\/www.serrats.com\/recetas\/tartar-de-salmon-y-boquerones-con-ensalada-de-manzana-y-nueces\/\"},\"wordCount\":356,\"commentCount\":2,\"publisher\":{\"@id\":\"https:\/\/www.serrats.com\/recetas\/#organization\"},\"image\":{\"@id\":\"https:\/\/www.serrats.com\/recetas\/tartar-de-salmon-y-boquerones-con-ensalada-de-manzana-y-nueces\/#primaryimage\"},\"thumbnailUrl\":\"https:\/\/www.serrats.com\/recetas\/wp-content\/uploads\/2013\/02\/Tartar-de-Boquerones-Serrats-con-ensalada-2.jpg\",\"keywords\":[\"az\u00facar\",\"chalotas\",\"lechuga\",\"manzana\",\"miel\",\"mostaza\",\"nueces\",\"salm\u00f3n\",\"vinagre de m\u00f3dena\",\"vino blanco\"],\"articleSection\":[\"Recetas con boquerones\",\"Recetas con sabor a mar\"],\"inLanguage\":\"es\",\"potentialAction\":[{\"@type\":\"CommentAction\",\"name\":\"Comment\",\"target\":[\"https:\/\/www.serrats.com\/recetas\/tartar-de-salmon-y-boquerones-con-ensalada-de-manzana-y-nueces\/#respond\"]}]},{\"@type\":\"WebPage\",\"@id\":\"https:\/\/www.serrats.com\/recetas\/tartar-de-salmon-y-boquerones-con-ensalada-de-manzana-y-nueces\/\",\"url\":\"https:\/\/www.serrats.com\/recetas\/tartar-de-salmon-y-boquerones-con-ensalada-de-manzana-y-nueces\/\",\"name\":\"Tartar de Salm\u00f3n y Boquerones con ensalada de manzana y nueces - La Cocina de Serrats\",\"isPartOf\":{\"@id\":\"https:\/\/www.serrats.com\/recetas\/#website\"},\"primaryImageOfPage\":{\"@id\":\"https:\/\/www.serrats.com\/recetas\/tartar-de-salmon-y-boquerones-con-ensalada-de-manzana-y-nueces\/#primaryimage\"},\"image\":{\"@id\":\"https:\/\/www.serrats.com\/recetas\/tartar-de-salmon-y-boquerones-con-ensalada-de-manzana-y-nueces\/#primaryimage\"},\"thumbnailUrl\":\"https:\/\/www.serrats.com\/recetas\/wp-content\/uploads\/2013\/02\/Tartar-de-Boquerones-Serrats-con-ensalada-2.jpg\",\"datePublished\":\"2013-02-07T11:53:43+00:00\",\"dateModified\":\"2022-09-13T09:11:43+00:00\",\"description\":\"Un tartar de salm\u00f3n y boquerones siempre es una opci\u00f3n fina, elegante y espectacular de triunfar en una mesa.\u00a1 Animaos!\",\"breadcrumb\":{\"@id\":\"https:\/\/www.serrats.com\/recetas\/tartar-de-salmon-y-boquerones-con-ensalada-de-manzana-y-nueces\/#breadcrumb\"},\"inLanguage\":\"es\",\"potentialAction\":[{\"@type\":\"ReadAction\",\"target\":[\"https:\/\/www.serrats.com\/recetas\/tartar-de-salmon-y-boquerones-con-ensalada-de-manzana-y-nueces\/\"]}]},{\"@type\":\"ImageObject\",\"inLanguage\":\"es\",\"@id\":\"https:\/\/www.serrats.com\/recetas\/tartar-de-salmon-y-boquerones-con-ensalada-de-manzana-y-nueces\/#primaryimage\",\"url\":\"https:\/\/www.serrats.com\/recetas\/wp-content\/uploads\/2013\/02\/Tartar-de-Boquerones-Serrats-con-ensalada-2.jpg\",\"contentUrl\":\"https:\/\/www.serrats.com\/recetas\/wp-content\/uploads\/2013\/02\/Tartar-de-Boquerones-Serrats-con-ensalada-2.jpg\",\"width\":1459,\"height\":1094},{\"@type\":\"BreadcrumbList\",\"@id\":\"https:\/\/www.serrats.com\/recetas\/tartar-de-salmon-y-boquerones-con-ensalada-de-manzana-y-nueces\/#breadcrumb\",\"itemListElement\":[{\"@type\":\"ListItem\",\"position\":1,\"name\":\"Blog\",\"item\":\"https:\/\/www.serrats.com\/recetas\/\"},{\"@type\":\"ListItem\",\"position\":2,\"name\":\"Recetas con sabor a mar\",\"item\":\"https:\/\/www.serrats.com\/recetas\/recetas\/\"},{\"@type\":\"ListItem\",\"position\":3,\"name\":\"Recetas con boquerones\",\"item\":\"https:\/\/www.serrats.com\/recetas\/recetas\/boquerones\/\"},{\"@type\":\"ListItem\",\"position\":4,\"name\":\"Tartar de Salm\u00f3n y Boquerones con ensalada de manzana y nueces\"}]},{\"@type\":\"WebSite\",\"@id\":\"https:\/\/www.serrats.com\/recetas\/#website\",\"url\":\"https:\/\/www.serrats.com\/recetas\/\",\"name\":\"La Cocina de Serrats\",\"description\":\"\",\"publisher\":{\"@id\":\"https:\/\/www.serrats.com\/recetas\/#organization\"},\"potentialAction\":[{\"@type\":\"SearchAction\",\"target\":{\"@type\":\"EntryPoint\",\"urlTemplate\":\"https:\/\/www.serrats.com\/recetas\/?s={search_term_string}\"},\"query-input\":{\"@type\":\"PropertyValueSpecification\",\"valueRequired\":true,\"valueName\":\"search_term_string\"}}],\"inLanguage\":\"es\"},{\"@type\":\"Organization\",\"@id\":\"https:\/\/www.serrats.com\/recetas\/#organization\",\"name\":\"La Cocina de Serrats\",\"url\":\"https:\/\/www.serrats.com\/recetas\/\",\"logo\":{\"@type\":\"ImageObject\",\"inLanguage\":\"es\",\"@id\":\"https:\/\/www.serrats.com\/recetas\/#\/schema\/logo\/image\/\",\"url\":\"https:\/\/www.serrats.com\/recetas\/wp-content\/uploads\/2023\/08\/serratslogo.svg\",\"contentUrl\":\"https:\/\/www.serrats.com\/recetas\/wp-content\/uploads\/2023\/08\/serratslogo.svg\",\"width\":162,\"height\":72,\"caption\":\"La Cocina de Serrats\"},\"image\":{\"@id\":\"https:\/\/www.serrats.com\/recetas\/#\/schema\/logo\/image\/\"}},{\"@type\":\"Person\",\"@id\":\"https:\/\/www.serrats.com\/recetas\/#\/schema\/person\/b53f06f8376d94ba9a3f6e2053bc5bf6\",\"name\":\"Esperanza\",\"image\":{\"@type\":\"ImageObject\",\"inLanguage\":\"es\",\"@id\":\"https:\/\/www.serrats.com\/recetas\/#\/schema\/person\/image\/\",\"url\":\"https:\/\/secure.gravatar.com\/avatar\/9c11b932c6df08ddf30a319e182ed1e125e3c6ef40be543c26fbce9e61d4befe?s=96&d=mm&r=g\",\"contentUrl\":\"https:\/\/secure.gravatar.com\/avatar\/9c11b932c6df08ddf30a319e182ed1e125e3c6ef40be543c26fbce9e61d4befe?s=96&d=mm&r=g\",\"caption\":\"Esperanza\"},\"sameAs\":[\"https:\/\/www.serrats.com\"],\"url\":\"https:\/\/www.serrats.com\/recetas\/author\/esperanza\/\"}]}<\/script>\n<!-- \/ Yoast SEO plugin. -->","yoast_head_json":{"title":"Tartar de Salm\u00f3n y Boquerones con ensalada de manzana y nueces - La Cocina de Serrats","description":"Un tartar de salm\u00f3n y boquerones siempre es una opci\u00f3n fina, elegante y espectacular de triunfar en una mesa.\u00a1 Animaos!","robots":{"index":"index","follow":"follow","max-snippet":"max-snippet:-1","max-image-preview":"max-image-preview:large","max-video-preview":"max-video-preview:-1"},"canonical":"https:\/\/www.serrats.com\/recetas\/tartar-de-salmon-y-boquerones-con-ensalada-de-manzana-y-nueces\/","og_locale":"es_ES","og_type":"article","og_title":"Tartar de Salm\u00f3n y Boquerones con ensalada de manzana y nueces - La Cocina de Serrats","og_description":"Un tartar de salm\u00f3n y boquerones siempre es una opci\u00f3n fina, elegante y espectacular de triunfar en una mesa.\u00a1 Animaos!","og_url":"https:\/\/www.serrats.com\/recetas\/tartar-de-salmon-y-boquerones-con-ensalada-de-manzana-y-nueces\/","og_site_name":"La Cocina de Serrats","article_published_time":"2013-02-07T11:53:43+00:00","article_modified_time":"2022-09-13T09:11:43+00:00","og_image":[{"width":1459,"height":1094,"url":"https:\/\/www.serrats.com\/recetas\/wp-content\/uploads\/2013\/02\/Tartar-de-Boquerones-Serrats-con-ensalada-2.jpg","type":"image\/jpeg"}],"author":"Esperanza","twitter_card":"summary_large_image","twitter_misc":{"Escrito por":"Esperanza","Tiempo de lectura":"2 minutos"},"schema":{"@context":"https:\/\/schema.org","@graph":[{"@type":"Article","@id":"https:\/\/www.serrats.com\/recetas\/tartar-de-salmon-y-boquerones-con-ensalada-de-manzana-y-nueces\/#article","isPartOf":{"@id":"https:\/\/www.serrats.com\/recetas\/tartar-de-salmon-y-boquerones-con-ensalada-de-manzana-y-nueces\/"},"author":{"name":"Esperanza","@id":"https:\/\/www.serrats.com\/recetas\/#\/schema\/person\/b53f06f8376d94ba9a3f6e2053bc5bf6"},"headline":"Tartar de Salm\u00f3n y Boquerones con ensalada de manzana y nueces","datePublished":"2013-02-07T11:53:43+00:00","dateModified":"2022-09-13T09:11:43+00:00","mainEntityOfPage":{"@id":"https:\/\/www.serrats.com\/recetas\/tartar-de-salmon-y-boquerones-con-ensalada-de-manzana-y-nueces\/"},"wordCount":356,"commentCount":2,"publisher":{"@id":"https:\/\/www.serrats.com\/recetas\/#organization"},"image":{"@id":"https:\/\/www.serrats.com\/recetas\/tartar-de-salmon-y-boquerones-con-ensalada-de-manzana-y-nueces\/#primaryimage"},"thumbnailUrl":"https:\/\/www.serrats.com\/recetas\/wp-content\/uploads\/2013\/02\/Tartar-de-Boquerones-Serrats-con-ensalada-2.jpg","keywords":["az\u00facar","chalotas","lechuga","manzana","miel","mostaza","nueces","salm\u00f3n","vinagre de m\u00f3dena","vino blanco"],"articleSection":["Recetas con boquerones","Recetas con sabor a mar"],"inLanguage":"es","potentialAction":[{"@type":"CommentAction","name":"Comment","target":["https:\/\/www.serrats.com\/recetas\/tartar-de-salmon-y-boquerones-con-ensalada-de-manzana-y-nueces\/#respond"]}]},{"@type":"WebPage","@id":"https:\/\/www.serrats.com\/recetas\/tartar-de-salmon-y-boquerones-con-ensalada-de-manzana-y-nueces\/","url":"https:\/\/www.serrats.com\/recetas\/tartar-de-salmon-y-boquerones-con-ensalada-de-manzana-y-nueces\/","name":"Tartar de Salm\u00f3n y Boquerones con ensalada de manzana y nueces - La Cocina de Serrats","isPartOf":{"@id":"https:\/\/www.serrats.com\/recetas\/#website"},"primaryImageOfPage":{"@id":"https:\/\/www.serrats.com\/recetas\/tartar-de-salmon-y-boquerones-con-ensalada-de-manzana-y-nueces\/#primaryimage"},"image":{"@id":"https:\/\/www.serrats.com\/recetas\/tartar-de-salmon-y-boquerones-con-ensalada-de-manzana-y-nueces\/#primaryimage"},"thumbnailUrl":"https:\/\/www.serrats.com\/recetas\/wp-content\/uploads\/2013\/02\/Tartar-de-Boquerones-Serrats-con-ensalada-2.jpg","datePublished":"2013-02-07T11:53:43+00:00","dateModified":"2022-09-13T09:11:43+00:00","description":"Un tartar de salm\u00f3n y boquerones siempre es una opci\u00f3n fina, elegante y espectacular de triunfar en una mesa.\u00a1 Animaos!","breadcrumb":{"@id":"https:\/\/www.serrats.com\/recetas\/tartar-de-salmon-y-boquerones-con-ensalada-de-manzana-y-nueces\/#breadcrumb"},"inLanguage":"es","potentialAction":[{"@type":"ReadAction","target":["https:\/\/www.serrats.com\/recetas\/tartar-de-salmon-y-boquerones-con-ensalada-de-manzana-y-nueces\/"]}]},{"@type":"ImageObject","inLanguage":"es","@id":"https:\/\/www.serrats.com\/recetas\/tartar-de-salmon-y-boquerones-con-ensalada-de-manzana-y-nueces\/#primaryimage","url":"https:\/\/www.serrats.com\/recetas\/wp-content\/uploads\/2013\/02\/Tartar-de-Boquerones-Serrats-con-ensalada-2.jpg","contentUrl":"https:\/\/www.serrats.com\/recetas\/wp-content\/uploads\/2013\/02\/Tartar-de-Boquerones-Serrats-con-ensalada-2.jpg","width":1459,"height":1094},{"@type":"BreadcrumbList","@id":"https:\/\/www.serrats.com\/recetas\/tartar-de-salmon-y-boquerones-con-ensalada-de-manzana-y-nueces\/#breadcrumb","itemListElement":[{"@type":"ListItem","position":1,"name":"Blog","item":"https:\/\/www.serrats.com\/recetas\/"},{"@type":"ListItem","position":2,"name":"Recetas con sabor a mar","item":"https:\/\/www.serrats.com\/recetas\/recetas\/"},{"@type":"ListItem","position":3,"name":"Recetas con boquerones","item":"https:\/\/www.serrats.com\/recetas\/recetas\/boquerones\/"},{"@type":"ListItem","position":4,"name":"Tartar de Salm\u00f3n y Boquerones con ensalada de manzana y nueces"}]},{"@type":"WebSite","@id":"https:\/\/www.serrats.com\/recetas\/#website","url":"https:\/\/www.serrats.com\/recetas\/","name":"La Cocina de Serrats","description":"","publisher":{"@id":"https:\/\/www.serrats.com\/recetas\/#organization"},"potentialAction":[{"@type":"SearchAction","target":{"@type":"EntryPoint","urlTemplate":"https:\/\/www.serrats.com\/recetas\/?s={search_term_string}"},"query-input":{"@type":"PropertyValueSpecification","valueRequired":true,"valueName":"search_term_string"}}],"inLanguage":"es"},{"@type":"Organization","@id":"https:\/\/www.serrats.com\/recetas\/#organization","name":"La Cocina de Serrats","url":"https:\/\/www.serrats.com\/recetas\/","logo":{"@type":"ImageObject","inLanguage":"es","@id":"https:\/\/www.serrats.com\/recetas\/#\/schema\/logo\/image\/","url":"https:\/\/www.serrats.com\/recetas\/wp-content\/uploads\/2023\/08\/serratslogo.svg","contentUrl":"https:\/\/www.serrats.com\/recetas\/wp-content\/uploads\/2023\/08\/serratslogo.svg","width":162,"height":72,"caption":"La Cocina de Serrats"},"image":{"@id":"https:\/\/www.serrats.com\/recetas\/#\/schema\/logo\/image\/"}},{"@type":"Person","@id":"https:\/\/www.serrats.com\/recetas\/#\/schema\/person\/b53f06f8376d94ba9a3f6e2053bc5bf6","name":"Esperanza","image":{"@type":"ImageObject","inLanguage":"es","@id":"https:\/\/www.serrats.com\/recetas\/#\/schema\/person\/image\/","url":"https:\/\/secure.gravatar.com\/avatar\/9c11b932c6df08ddf30a319e182ed1e125e3c6ef40be543c26fbce9e61d4befe?s=96&d=mm&r=g","contentUrl":"https:\/\/secure.gravatar.com\/avatar\/9c11b932c6df08ddf30a319e182ed1e125e3c6ef40be543c26fbce9e61d4befe?s=96&d=mm&r=g","caption":"Esperanza"},"sameAs":["https:\/\/www.serrats.com"],"url":"https:\/\/www.serrats.com\/recetas\/author\/esperanza\/"}]}},"_links":{"self":[{"href":"https:\/\/www.serrats.com\/recetas\/wp-json\/wp\/v2\/posts\/8111","targetHints":{"allow":["GET"]}}],"collection":[{"href":"https:\/\/www.serrats.com\/recetas\/wp-json\/wp\/v2\/posts"}],"about":[{"href":"https:\/\/www.serrats.com\/recetas\/wp-json\/wp\/v2\/types\/post"}],"author":[{"embeddable":true,"href":"https:\/\/www.serrats.com\/recetas\/wp-json\/wp\/v2\/users\/2"}],"replies":[{"embeddable":true,"href":"https:\/\/www.serrats.com\/recetas\/wp-json\/wp\/v2\/comments?post=8111"}],"version-history":[{"count":5,"href":"https:\/\/www.serrats.com\/recetas\/wp-json\/wp\/v2\/posts\/8111\/revisions"}],"predecessor-version":[{"id":21703,"href":"https:\/\/www.serrats.com\/recetas\/wp-json\/wp\/v2\/posts\/8111\/revisions\/21703"}],"wp:featuredmedia":[{"embeddable":true,"href":"https:\/\/www.serrats.com\/recetas\/wp-json\/wp\/v2\/media\/21702"}],"wp:attachment":[{"href":"https:\/\/www.serrats.com\/recetas\/wp-json\/wp\/v2\/media?parent=8111"}],"wp:term":[{"taxonomy":"category","embeddable":true,"href":"https:\/\/www.serrats.com\/recetas\/wp-json\/wp\/v2\/categories?post=8111"},{"taxonomy":"post_tag","embeddable":true,"href":"https:\/\/www.serrats.com\/recetas\/wp-json\/wp\/v2\/tags?post=8111"}],"curies":[{"name":"wp","href":"https:\/\/api.w.org\/{rel}","templated":true}]}}