{"id":8810,"date":"2013-11-15T12:54:00","date_gmt":"2013-11-15T10:54:00","guid":{"rendered":"http:\/\/serrats.com\/recetas\/?p=8810"},"modified":"2013-11-15T12:54:00","modified_gmt":"2013-11-15T10:54:00","slug":"albert-adria-elige-conservas-serrats","status":"publish","type":"post","link":"https:\/\/www.serrats.com\/recetas\/albert-adria-elige-conservas-serrats\/","title":{"rendered":"\u00c1lbert Adri\u00e1 elige Conservas Serrats"},"content":{"rendered":"<p><a href=\"https:\/\/serrats.com\/recetas\/wp-content\/uploads\/Bodega-1900.png\"><img fetchpriority=\"high\" decoding=\"async\" class=\"aligncenter size-medium wp-image-8811\" alt=\"Bodega 1900\" src=\"https:\/\/serrats.com\/recetas\/wp-content\/uploads\/Bodega-1900-600x427.png\" width=\"600\" height=\"427\" srcset=\"https:\/\/www.serrats.com\/recetas\/wp-content\/uploads\/Bodega-1900-600x427.png 600w, https:\/\/www.serrats.com\/recetas\/wp-content\/uploads\/Bodega-1900.png 603w\" sizes=\"(max-width: 600px) 100vw, 600px\" \/><\/a><strong>Albert Adri\u00e1<\/strong>, hermano del conocid\u00edsimo <strong>Ferr\u00e1n Adri\u00e1<\/strong>, considerado como el mejor chef del mundo, es noticia en ests d\u00edas por la inauguraci\u00f3n de su propia bodega en Barcelona.<\/p>\n<p>Los amigos catalanes las conoc\u00e9is bien, pero para el resto, conviene aclarar que en Barcelona, el concepto de bodega va m\u00e1s all\u00e1 de lo que en principio puede sugerir&#8230; Los que hemos tenido la suerte de disfrutar de una de ellas sabemos que aparte de ser un local para almacenar vinos y licores son peque\u00f1o rinc\u00f3n para disfrutar de la gastronom\u00eda tradicional.<!--more--><\/p>\n<p>Para degustar un buen vino, o un vermout de fabricaci\u00f3n artesanal, no hay nada mejor que unos encurtidos, unas conservas de pescado, salazones o jamones de calidad, as\u00ed que la hora del aperitivo en Barcelona acaba convirti\u00e9ndose en un vaiv\u00e9n de platillos con anchoas, aceitunas, chorizo&#8230; Sabores sin disfraz y perfectos acompa\u00f1antes de un vermut de grifo.<\/p>\n<p>Y aqu\u00ed va la noticia: En el caso de La\u00a0<a href=\"https:\/\/es.bodega1900.com\/\">Bodega 1900<\/a>\u00a0de Albert Adri\u00e1, una representaci\u00f3n de \u00a0las conservas de pescado \u00a1corren a cargo de\u00a0<a href=\"https:\/\/www.serrats.com\">Serrats<\/a>! Para nosotros esto representa un gran orgullo por dos motivos; el primero que vamos a conseguir que m\u00e1s gente disfruten de nuestras conservas, y el segundo que una persona con semejante criterio en el mundo de la gastronom\u00eda \u00a0haya confiado en la calidad de nuestros productos.<\/p>\n<p>Poco m\u00e1s hay que decir&#8230; Ahora os toca a vosotros acercaros a la Bodega 1900, y disfrutar de un excelente vermut como mandan los barceloneses: con sus patatas fritas regadas con salsa de piment\u00f3n, su buen jam\u00f3n, y una raci\u00f3n de Conservas Serrats.<\/p>\n<p>o<\/p>\n","protected":false},"excerpt":{"rendered":"<p>Albert Adri\u00e1, hermano del conocid\u00edsimo Ferr\u00e1n Adri\u00e1, considerado como el mejor chef del mundo, es noticia en ests d\u00edas por la inauguraci\u00f3n de su propia bodega en Barcelona. Los amigos catalanes las conoc\u00e9is bien, pero para el resto, conviene aclarar que en Barcelona, el concepto de bodega va m\u00e1s all\u00e1 de lo que en principio [&hellip;]<\/p>\n","protected":false},"author":2,"featured_media":8811,"comment_status":"open","ping_status":"open","sticky":false,"template":"","format":"standard","meta":{"_acf_changed":false,"footnotes":""},"categories":[11],"tags":[],"class_list":["post-8810","post","type-post","status-publish","format-standard","has-post-thumbnail","hentry","category-noticias-y-curiosidades"],"acf":[],"yoast_head":"<!-- This site is optimized with the Yoast SEO plugin v25.6 - https:\/\/yoast.com\/wordpress\/plugins\/seo\/ -->\n<title>\u00c1lbert Adri\u00e1 elige Conservas Serrats - La Cocina de Serrats<\/title>\n<meta name=\"robots\" content=\"index, follow, max-snippet:-1, max-image-preview:large, max-video-preview:-1\" \/>\n<link rel=\"canonical\" href=\"https:\/\/www.serrats.com\/recetas\/albert-adria-elige-conservas-serrats\/\" \/>\n<meta property=\"og:locale\" content=\"es_ES\" \/>\n<meta property=\"og:type\" content=\"article\" \/>\n<meta property=\"og:title\" content=\"\u00c1lbert Adri\u00e1 elige Conservas Serrats - La Cocina de Serrats\" \/>\n<meta property=\"og:description\" content=\"Albert Adri\u00e1, hermano del conocid\u00edsimo Ferr\u00e1n Adri\u00e1, considerado como el mejor chef del mundo, es noticia en ests d\u00edas por la inauguraci\u00f3n de su propia bodega en Barcelona. Los amigos catalanes las conoc\u00e9is bien, pero para el resto, conviene aclarar que en Barcelona, el concepto de bodega va m\u00e1s all\u00e1 de lo que en principio [&hellip;]\" \/>\n<meta property=\"og:url\" content=\"https:\/\/www.serrats.com\/recetas\/albert-adria-elige-conservas-serrats\/\" \/>\n<meta property=\"og:site_name\" content=\"La Cocina de Serrats\" \/>\n<meta property=\"article:published_time\" content=\"2013-11-15T10:54:00+00:00\" \/>\n<meta property=\"og:image\" content=\"https:\/\/www.serrats.com\/recetas\/wp-content\/uploads\/Bodega-1900.png\" \/>\n\t<meta property=\"og:image:width\" content=\"603\" \/>\n\t<meta property=\"og:image:height\" content=\"430\" \/>\n\t<meta property=\"og:image:type\" content=\"image\/png\" \/>\n<meta name=\"author\" content=\"Esperanza\" \/>\n<meta name=\"twitter:card\" content=\"summary_large_image\" \/>\n<meta name=\"twitter:label1\" content=\"Escrito por\" \/>\n\t<meta name=\"twitter:data1\" content=\"Esperanza\" \/>\n\t<meta name=\"twitter:label2\" content=\"Tiempo de lectura\" \/>\n\t<meta name=\"twitter:data2\" content=\"1 minuto\" \/>\n<script type=\"application\/ld+json\" class=\"yoast-schema-graph\">{\"@context\":\"https:\/\/schema.org\",\"@graph\":[{\"@type\":\"Article\",\"@id\":\"https:\/\/www.serrats.com\/recetas\/albert-adria-elige-conservas-serrats\/#article\",\"isPartOf\":{\"@id\":\"https:\/\/www.serrats.com\/recetas\/albert-adria-elige-conservas-serrats\/\"},\"author\":{\"name\":\"Esperanza\",\"@id\":\"https:\/\/www.serrats.com\/recetas\/#\/schema\/person\/b53f06f8376d94ba9a3f6e2053bc5bf6\"},\"headline\":\"\u00c1lbert Adri\u00e1 elige Conservas Serrats\",\"datePublished\":\"2013-11-15T10:54:00+00:00\",\"mainEntityOfPage\":{\"@id\":\"https:\/\/www.serrats.com\/recetas\/albert-adria-elige-conservas-serrats\/\"},\"wordCount\":287,\"commentCount\":0,\"publisher\":{\"@id\":\"https:\/\/www.serrats.com\/recetas\/#organization\"},\"image\":{\"@id\":\"https:\/\/www.serrats.com\/recetas\/albert-adria-elige-conservas-serrats\/#primaryimage\"},\"thumbnailUrl\":\"https:\/\/www.serrats.com\/recetas\/wp-content\/uploads\/Bodega-1900.png\",\"articleSection\":[\"Noticias y curiosidades\"],\"inLanguage\":\"es\",\"potentialAction\":[{\"@type\":\"CommentAction\",\"name\":\"Comment\",\"target\":[\"https:\/\/www.serrats.com\/recetas\/albert-adria-elige-conservas-serrats\/#respond\"]}]},{\"@type\":\"WebPage\",\"@id\":\"https:\/\/www.serrats.com\/recetas\/albert-adria-elige-conservas-serrats\/\",\"url\":\"https:\/\/www.serrats.com\/recetas\/albert-adria-elige-conservas-serrats\/\",\"name\":\"\u00c1lbert Adri\u00e1 elige Conservas Serrats - La Cocina de Serrats\",\"isPartOf\":{\"@id\":\"https:\/\/www.serrats.com\/recetas\/#website\"},\"primaryImageOfPage\":{\"@id\":\"https:\/\/www.serrats.com\/recetas\/albert-adria-elige-conservas-serrats\/#primaryimage\"},\"image\":{\"@id\":\"https:\/\/www.serrats.com\/recetas\/albert-adria-elige-conservas-serrats\/#primaryimage\"},\"thumbnailUrl\":\"https:\/\/www.serrats.com\/recetas\/wp-content\/uploads\/Bodega-1900.png\",\"datePublished\":\"2013-11-15T10:54:00+00:00\",\"breadcrumb\":{\"@id\":\"https:\/\/www.serrats.com\/recetas\/albert-adria-elige-conservas-serrats\/#breadcrumb\"},\"inLanguage\":\"es\",\"potentialAction\":[{\"@type\":\"ReadAction\",\"target\":[\"https:\/\/www.serrats.com\/recetas\/albert-adria-elige-conservas-serrats\/\"]}]},{\"@type\":\"ImageObject\",\"inLanguage\":\"es\",\"@id\":\"https:\/\/www.serrats.com\/recetas\/albert-adria-elige-conservas-serrats\/#primaryimage\",\"url\":\"https:\/\/www.serrats.com\/recetas\/wp-content\/uploads\/Bodega-1900.png\",\"contentUrl\":\"https:\/\/www.serrats.com\/recetas\/wp-content\/uploads\/Bodega-1900.png\",\"width\":603,\"height\":430},{\"@type\":\"BreadcrumbList\",\"@id\":\"https:\/\/www.serrats.com\/recetas\/albert-adria-elige-conservas-serrats\/#breadcrumb\",\"itemListElement\":[{\"@type\":\"ListItem\",\"position\":1,\"name\":\"Blog\",\"item\":\"https:\/\/www.serrats.com\/recetas\/\"},{\"@type\":\"ListItem\",\"position\":2,\"name\":\"Noticias y curiosidades\",\"item\":\"https:\/\/www.serrats.com\/recetas\/noticias-y-curiosidades\/\"},{\"@type\":\"ListItem\",\"position\":3,\"name\":\"\u00c1lbert Adri\u00e1 elige Conservas Serrats\"}]},{\"@type\":\"WebSite\",\"@id\":\"https:\/\/www.serrats.com\/recetas\/#website\",\"url\":\"https:\/\/www.serrats.com\/recetas\/\",\"name\":\"La Cocina de Serrats\",\"description\":\"\",\"publisher\":{\"@id\":\"https:\/\/www.serrats.com\/recetas\/#organization\"},\"potentialAction\":[{\"@type\":\"SearchAction\",\"target\":{\"@type\":\"EntryPoint\",\"urlTemplate\":\"https:\/\/www.serrats.com\/recetas\/?s={search_term_string}\"},\"query-input\":{\"@type\":\"PropertyValueSpecification\",\"valueRequired\":true,\"valueName\":\"search_term_string\"}}],\"inLanguage\":\"es\"},{\"@type\":\"Organization\",\"@id\":\"https:\/\/www.serrats.com\/recetas\/#organization\",\"name\":\"La Cocina de Serrats\",\"url\":\"https:\/\/www.serrats.com\/recetas\/\",\"logo\":{\"@type\":\"ImageObject\",\"inLanguage\":\"es\",\"@id\":\"https:\/\/www.serrats.com\/recetas\/#\/schema\/logo\/image\/\",\"url\":\"https:\/\/www.serrats.com\/recetas\/wp-content\/uploads\/2023\/08\/serratslogo.svg\",\"contentUrl\":\"https:\/\/www.serrats.com\/recetas\/wp-content\/uploads\/2023\/08\/serratslogo.svg\",\"width\":162,\"height\":72,\"caption\":\"La Cocina de Serrats\"},\"image\":{\"@id\":\"https:\/\/www.serrats.com\/recetas\/#\/schema\/logo\/image\/\"}},{\"@type\":\"Person\",\"@id\":\"https:\/\/www.serrats.com\/recetas\/#\/schema\/person\/b53f06f8376d94ba9a3f6e2053bc5bf6\",\"name\":\"Esperanza\",\"image\":{\"@type\":\"ImageObject\",\"inLanguage\":\"es\",\"@id\":\"https:\/\/www.serrats.com\/recetas\/#\/schema\/person\/image\/\",\"url\":\"https:\/\/secure.gravatar.com\/avatar\/9c11b932c6df08ddf30a319e182ed1e125e3c6ef40be543c26fbce9e61d4befe?s=96&d=mm&r=g\",\"contentUrl\":\"https:\/\/secure.gravatar.com\/avatar\/9c11b932c6df08ddf30a319e182ed1e125e3c6ef40be543c26fbce9e61d4befe?s=96&d=mm&r=g\",\"caption\":\"Esperanza\"},\"sameAs\":[\"https:\/\/www.serrats.com\"],\"url\":\"https:\/\/www.serrats.com\/recetas\/author\/esperanza\/\"}]}<\/script>\n<!-- \/ Yoast SEO plugin. -->","yoast_head_json":{"title":"\u00c1lbert Adri\u00e1 elige Conservas Serrats - La Cocina de Serrats","robots":{"index":"index","follow":"follow","max-snippet":"max-snippet:-1","max-image-preview":"max-image-preview:large","max-video-preview":"max-video-preview:-1"},"canonical":"https:\/\/www.serrats.com\/recetas\/albert-adria-elige-conservas-serrats\/","og_locale":"es_ES","og_type":"article","og_title":"\u00c1lbert Adri\u00e1 elige Conservas Serrats - La Cocina de Serrats","og_description":"Albert Adri\u00e1, hermano del conocid\u00edsimo Ferr\u00e1n Adri\u00e1, considerado como el mejor chef del mundo, es noticia en ests d\u00edas por la inauguraci\u00f3n de su propia bodega en Barcelona. Los amigos catalanes las conoc\u00e9is bien, pero para el resto, conviene aclarar que en Barcelona, el concepto de bodega va m\u00e1s all\u00e1 de lo que en principio [&hellip;]","og_url":"https:\/\/www.serrats.com\/recetas\/albert-adria-elige-conservas-serrats\/","og_site_name":"La Cocina de Serrats","article_published_time":"2013-11-15T10:54:00+00:00","og_image":[{"width":603,"height":430,"url":"https:\/\/www.serrats.com\/recetas\/wp-content\/uploads\/Bodega-1900.png","type":"image\/png"}],"author":"Esperanza","twitter_card":"summary_large_image","twitter_misc":{"Escrito por":"Esperanza","Tiempo de lectura":"1 minuto"},"schema":{"@context":"https:\/\/schema.org","@graph":[{"@type":"Article","@id":"https:\/\/www.serrats.com\/recetas\/albert-adria-elige-conservas-serrats\/#article","isPartOf":{"@id":"https:\/\/www.serrats.com\/recetas\/albert-adria-elige-conservas-serrats\/"},"author":{"name":"Esperanza","@id":"https:\/\/www.serrats.com\/recetas\/#\/schema\/person\/b53f06f8376d94ba9a3f6e2053bc5bf6"},"headline":"\u00c1lbert Adri\u00e1 elige Conservas Serrats","datePublished":"2013-11-15T10:54:00+00:00","mainEntityOfPage":{"@id":"https:\/\/www.serrats.com\/recetas\/albert-adria-elige-conservas-serrats\/"},"wordCount":287,"commentCount":0,"publisher":{"@id":"https:\/\/www.serrats.com\/recetas\/#organization"},"image":{"@id":"https:\/\/www.serrats.com\/recetas\/albert-adria-elige-conservas-serrats\/#primaryimage"},"thumbnailUrl":"https:\/\/www.serrats.com\/recetas\/wp-content\/uploads\/Bodega-1900.png","articleSection":["Noticias y curiosidades"],"inLanguage":"es","potentialAction":[{"@type":"CommentAction","name":"Comment","target":["https:\/\/www.serrats.com\/recetas\/albert-adria-elige-conservas-serrats\/#respond"]}]},{"@type":"WebPage","@id":"https:\/\/www.serrats.com\/recetas\/albert-adria-elige-conservas-serrats\/","url":"https:\/\/www.serrats.com\/recetas\/albert-adria-elige-conservas-serrats\/","name":"\u00c1lbert Adri\u00e1 elige Conservas Serrats - La Cocina de Serrats","isPartOf":{"@id":"https:\/\/www.serrats.com\/recetas\/#website"},"primaryImageOfPage":{"@id":"https:\/\/www.serrats.com\/recetas\/albert-adria-elige-conservas-serrats\/#primaryimage"},"image":{"@id":"https:\/\/www.serrats.com\/recetas\/albert-adria-elige-conservas-serrats\/#primaryimage"},"thumbnailUrl":"https:\/\/www.serrats.com\/recetas\/wp-content\/uploads\/Bodega-1900.png","datePublished":"2013-11-15T10:54:00+00:00","breadcrumb":{"@id":"https:\/\/www.serrats.com\/recetas\/albert-adria-elige-conservas-serrats\/#breadcrumb"},"inLanguage":"es","potentialAction":[{"@type":"ReadAction","target":["https:\/\/www.serrats.com\/recetas\/albert-adria-elige-conservas-serrats\/"]}]},{"@type":"ImageObject","inLanguage":"es","@id":"https:\/\/www.serrats.com\/recetas\/albert-adria-elige-conservas-serrats\/#primaryimage","url":"https:\/\/www.serrats.com\/recetas\/wp-content\/uploads\/Bodega-1900.png","contentUrl":"https:\/\/www.serrats.com\/recetas\/wp-content\/uploads\/Bodega-1900.png","width":603,"height":430},{"@type":"BreadcrumbList","@id":"https:\/\/www.serrats.com\/recetas\/albert-adria-elige-conservas-serrats\/#breadcrumb","itemListElement":[{"@type":"ListItem","position":1,"name":"Blog","item":"https:\/\/www.serrats.com\/recetas\/"},{"@type":"ListItem","position":2,"name":"Noticias y curiosidades","item":"https:\/\/www.serrats.com\/recetas\/noticias-y-curiosidades\/"},{"@type":"ListItem","position":3,"name":"\u00c1lbert Adri\u00e1 elige Conservas Serrats"}]},{"@type":"WebSite","@id":"https:\/\/www.serrats.com\/recetas\/#website","url":"https:\/\/www.serrats.com\/recetas\/","name":"La Cocina de Serrats","description":"","publisher":{"@id":"https:\/\/www.serrats.com\/recetas\/#organization"},"potentialAction":[{"@type":"SearchAction","target":{"@type":"EntryPoint","urlTemplate":"https:\/\/www.serrats.com\/recetas\/?s={search_term_string}"},"query-input":{"@type":"PropertyValueSpecification","valueRequired":true,"valueName":"search_term_string"}}],"inLanguage":"es"},{"@type":"Organization","@id":"https:\/\/www.serrats.com\/recetas\/#organization","name":"La Cocina de Serrats","url":"https:\/\/www.serrats.com\/recetas\/","logo":{"@type":"ImageObject","inLanguage":"es","@id":"https:\/\/www.serrats.com\/recetas\/#\/schema\/logo\/image\/","url":"https:\/\/www.serrats.com\/recetas\/wp-content\/uploads\/2023\/08\/serratslogo.svg","contentUrl":"https:\/\/www.serrats.com\/recetas\/wp-content\/uploads\/2023\/08\/serratslogo.svg","width":162,"height":72,"caption":"La Cocina de Serrats"},"image":{"@id":"https:\/\/www.serrats.com\/recetas\/#\/schema\/logo\/image\/"}},{"@type":"Person","@id":"https:\/\/www.serrats.com\/recetas\/#\/schema\/person\/b53f06f8376d94ba9a3f6e2053bc5bf6","name":"Esperanza","image":{"@type":"ImageObject","inLanguage":"es","@id":"https:\/\/www.serrats.com\/recetas\/#\/schema\/person\/image\/","url":"https:\/\/secure.gravatar.com\/avatar\/9c11b932c6df08ddf30a319e182ed1e125e3c6ef40be543c26fbce9e61d4befe?s=96&d=mm&r=g","contentUrl":"https:\/\/secure.gravatar.com\/avatar\/9c11b932c6df08ddf30a319e182ed1e125e3c6ef40be543c26fbce9e61d4befe?s=96&d=mm&r=g","caption":"Esperanza"},"sameAs":["https:\/\/www.serrats.com"],"url":"https:\/\/www.serrats.com\/recetas\/author\/esperanza\/"}]}},"_links":{"self":[{"href":"https:\/\/www.serrats.com\/recetas\/wp-json\/wp\/v2\/posts\/8810","targetHints":{"allow":["GET"]}}],"collection":[{"href":"https:\/\/www.serrats.com\/recetas\/wp-json\/wp\/v2\/posts"}],"about":[{"href":"https:\/\/www.serrats.com\/recetas\/wp-json\/wp\/v2\/types\/post"}],"author":[{"embeddable":true,"href":"https:\/\/www.serrats.com\/recetas\/wp-json\/wp\/v2\/users\/2"}],"replies":[{"embeddable":true,"href":"https:\/\/www.serrats.com\/recetas\/wp-json\/wp\/v2\/comments?post=8810"}],"version-history":[{"count":1,"href":"https:\/\/www.serrats.com\/recetas\/wp-json\/wp\/v2\/posts\/8810\/revisions"}],"predecessor-version":[{"id":8813,"href":"https:\/\/www.serrats.com\/recetas\/wp-json\/wp\/v2\/posts\/8810\/revisions\/8813"}],"wp:featuredmedia":[{"embeddable":true,"href":"https:\/\/www.serrats.com\/recetas\/wp-json\/wp\/v2\/media\/8811"}],"wp:attachment":[{"href":"https:\/\/www.serrats.com\/recetas\/wp-json\/wp\/v2\/media?parent=8810"}],"wp:term":[{"taxonomy":"category","embeddable":true,"href":"https:\/\/www.serrats.com\/recetas\/wp-json\/wp\/v2\/categories?post=8810"},{"taxonomy":"post_tag","embeddable":true,"href":"https:\/\/www.serrats.com\/recetas\/wp-json\/wp\/v2\/tags?post=8810"}],"curies":[{"name":"wp","href":"https:\/\/api.w.org\/{rel}","templated":true}]}}